{"id":874,"date":"2017-06-25T10:09:22","date_gmt":"2017-06-25T09:09:22","guid":{"rendered":"http:\/\/afan.fr\/blog\/?p=874"},"modified":"2017-06-25T10:09:22","modified_gmt":"2017-06-25T09:09:22","slug":"architecturepassion-une-gare-popoc","status":"publish","type":"post","link":"https:\/\/afan.fr\/blog\/index.php\/2017\/06\/25\/architecturepassion-une-gare-popoc\/","title":{"rendered":"Architecture&#038;Passion &#8211; Une gare PO\/POC"},"content":{"rendered":"<p><span style=\"color: #000080;\">Voici le b\u00e2timent-voyageurs de Naves, une gare de l&#8217;ex PO mais qui convient aussi pour une \u00e9vocation du POC. R\u00e9f. 1604510.<\/span><\/p>\n<p><img loading=\"lazy\" decoding=\"async\" class=\"aligncenter wp-image-875 size-full\" src=\"http:\/\/afan.fr\/blog\/wp-content\/uploads\/2017\/06\/2017-06_gare_naves_ap.jpg\" alt=\"\" width=\"850\" height=\"394\" srcset=\"https:\/\/afan.fr\/blog\/wp-content\/uploads\/2017\/06\/2017-06_gare_naves_ap.jpg 850w, https:\/\/afan.fr\/blog\/wp-content\/uploads\/2017\/06\/2017-06_gare_naves_ap-300x139.jpg 300w, https:\/\/afan.fr\/blog\/wp-content\/uploads\/2017\/06\/2017-06_gare_naves_ap-768x356.jpg 768w\" sizes=\"auto, (max-width: 850px) 100vw, 850px\" \/><\/p>\n","protected":false},"excerpt":{"rendered":"<p>Voici le b\u00e2timent-voyageurs de Naves, une gare de l&#8217;ex PO mais qui convient aussi pour une \u00e9vocation du POC. R\u00e9f. 1604510.<\/p>\n","protected":false},"author":1,"featured_media":0,"comment_status":"open","ping_status":"closed","sticky":false,"template":"","format":"standard","meta":{"_s2mail":"","footnotes":""},"categories":[1],"tags":[],"class_list":["post-874","post","type-post","status-publish","format-standard","hentry","category-non-classe"],"_links":{"self":[{"href":"https:\/\/afan.fr\/blog\/index.php\/wp-json\/wp\/v2\/posts\/874","targetHints":{"allow":["GET"]}}],"collection":[{"href":"https:\/\/afan.fr\/blog\/index.php\/wp-json\/wp\/v2\/posts"}],"about":[{"href":"https:\/\/afan.fr\/blog\/index.php\/wp-json\/wp\/v2\/types\/post"}],"author":[{"embeddable":true,"href":"https:\/\/afan.fr\/blog\/index.php\/wp-json\/wp\/v2\/users\/1"}],"replies":[{"embeddable":true,"href":"https:\/\/afan.fr\/blog\/index.php\/wp-json\/wp\/v2\/comments?post=874"}],"version-history":[{"count":1,"href":"https:\/\/afan.fr\/blog\/index.php\/wp-json\/wp\/v2\/posts\/874\/revisions"}],"predecessor-version":[{"id":876,"href":"https:\/\/afan.fr\/blog\/index.php\/wp-json\/wp\/v2\/posts\/874\/revisions\/876"}],"wp:attachment":[{"href":"https:\/\/afan.fr\/blog\/index.php\/wp-json\/wp\/v2\/media?parent=874"}],"wp:term":[{"taxonomy":"category","embeddable":true,"href":"https:\/\/afan.fr\/blog\/index.php\/wp-json\/wp\/v2\/categories?post=874"},{"taxonomy":"post_tag","embeddable":true,"href":"https:\/\/afan.fr\/blog\/index.php\/wp-json\/wp\/v2\/tags?post=874"}],"curies":[{"name":"wp","href":"https:\/\/api.w.org\/{rel}","templated":true}]}}