{"id":5669,"date":"2026-04-22T12:30:46","date_gmt":"2026-04-22T11:30:46","guid":{"rendered":"https:\/\/afan.fr\/blog\/?p=5669"},"modified":"2026-04-22T12:30:46","modified_gmt":"2026-04-22T11:30:46","slug":"afan-informations-importantes","status":"publish","type":"post","link":"https:\/\/afan.fr\/blog\/index.php\/2026\/04\/22\/afan-informations-importantes\/","title":{"rendered":"AFAN &#8211; Informations importantes"},"content":{"rendered":"\n<p>Nos gouvernants promettent les uns apr\u00e8s les autres des simplifications administratives. La r\u00e9alit\u00e9 est toute autre car point de simplifications visibles mais, au contraire, mise en place de nouvelles contraintes\u2026<br>Cela touche notre Association directement.<\/p>\n\n\n\n<p><strong><u>Adresse de l\u2019AFAN<\/u><\/strong><br>Auparavant, \u00e0 partir du moment o\u00f9 le libell\u00e9 de l\u2019adresse \u00e9tait correct, le fait de mentionner AFAN au lieu de Association Fran\u00e7aise des Amis du N, importait peu\u00a0; le courrier se trouvait bien dans notre bo\u00eete \u00e0 attendre d\u2019\u00eatre trait\u00e9. Aujourd\u2019hui, ce n\u2019est plus le cas\u00a0! il faut imp\u00e9rativement \u00e9crire\u00a0: Association Fran\u00e7aise des Amis du N, sinon le risque est grand que le courrier soit renvoy\u00e9 NPAI (si votre propre adresse est port\u00e9e au dos de votre missive<em>, nous avons des cas valid\u00e9s\u00a0!<\/em>), ou soit d\u00e9truit (si cette mention ne figure pas). Donc, soyez tr\u00e8s vigilants si vous nous \u00e9crivez, l\u2019adresse est\u00a0:<br><strong>Association Fran\u00e7aise des Amis du N<\/strong><br><strong>BP 11079<\/strong><br><strong>75422 \u2013 Paris Cedex 09<\/strong><\/p>\n\n\n\n<p><strong><u>Virement<\/u><\/strong><br>Suite \u00e0 l\u2019application d\u2019une directive europ\u00e9enne (c\u2019est ce qui est dit), faire un virement est devenu plus complexe, il ne suffit plus de renseigner l\u2019IBAN, il faut aussi bien nommer le b\u00e9n\u00e9ficiaire car sinon l\u2019op\u00e9ration est rejet\u00e9e\u00a0! Cela para\u00eet simple mais, \u00e7a ne l\u2019est pas obligatoirement, car il est parfois difficile de conna\u00eetre le libell\u00e9 retenu par l\u2019organisme bancaire. En ce qui nous concerne, \u00e9crire AFAN est rejet\u00e9. Ecrire en toutes lettres \u00ab\u00a0Association Fran\u00e7aise des Amis du N\u00a0\u00bb est \u00e9galement refus\u00e9. En fait, il faut \u00e9crire\u00a0: <strong>ASS FSE DES AMIS DU N<\/strong>, le tout imp\u00e9rativement en majuscules\u00a0; libell\u00e9 qui ne figure pas sur les RIB fournis par la banque\u2026<\/p>\n\n\n\n<p>Tout ceci, conjugu\u00e9 au changement physique de notre bo\u00eete aux lettres (courrier entass\u00e9 pendant un mois), a sans doute conduit certains de nos adh\u00e9rents \u00e0 renoncer\u2026 Nous vous prions de nous en excuser, m\u00eame si nous n\u2019y sommes pour rien dans toutes ces complications lamentables dont nous nous serions volontiers pass\u00e9s.<\/p>\n","protected":false},"excerpt":{"rendered":"<p>Nos gouvernants promettent les uns apr\u00e8s les autres des simplifications administratives. La r\u00e9alit\u00e9 est toute autre car point de simplifications visibles mais, au contraire, mise en place de nouvelles contraintes\u2026Cela touche notre Association directement. Adresse de l\u2019AFANAuparavant, \u00e0 partir du moment o\u00f9 le libell\u00e9 de l\u2019adresse \u00e9tait correct, le fait de mentionner AFAN au lieu [&hellip;]<\/p>\n","protected":false},"author":1,"featured_media":0,"comment_status":"open","ping_status":"closed","sticky":false,"template":"","format":"standard","meta":{"_s2mail":"yes","footnotes":""},"categories":[1],"tags":[],"class_list":["post-5669","post","type-post","status-publish","format-standard","hentry","category-non-classe"],"_links":{"self":[{"href":"https:\/\/afan.fr\/blog\/index.php\/wp-json\/wp\/v2\/posts\/5669","targetHints":{"allow":["GET"]}}],"collection":[{"href":"https:\/\/afan.fr\/blog\/index.php\/wp-json\/wp\/v2\/posts"}],"about":[{"href":"https:\/\/afan.fr\/blog\/index.php\/wp-json\/wp\/v2\/types\/post"}],"author":[{"embeddable":true,"href":"https:\/\/afan.fr\/blog\/index.php\/wp-json\/wp\/v2\/users\/1"}],"replies":[{"embeddable":true,"href":"https:\/\/afan.fr\/blog\/index.php\/wp-json\/wp\/v2\/comments?post=5669"}],"version-history":[{"count":1,"href":"https:\/\/afan.fr\/blog\/index.php\/wp-json\/wp\/v2\/posts\/5669\/revisions"}],"predecessor-version":[{"id":5670,"href":"https:\/\/afan.fr\/blog\/index.php\/wp-json\/wp\/v2\/posts\/5669\/revisions\/5670"}],"wp:attachment":[{"href":"https:\/\/afan.fr\/blog\/index.php\/wp-json\/wp\/v2\/media?parent=5669"}],"wp:term":[{"taxonomy":"category","embeddable":true,"href":"https:\/\/afan.fr\/blog\/index.php\/wp-json\/wp\/v2\/categories?post=5669"},{"taxonomy":"post_tag","embeddable":true,"href":"https:\/\/afan.fr\/blog\/index.php\/wp-json\/wp\/v2\/tags?post=5669"}],"curies":[{"name":"wp","href":"https:\/\/api.w.org\/{rel}","templated":true}]}}