{"id":5492,"date":"2025-12-17T16:48:53","date_gmt":"2025-12-17T15:48:53","guid":{"rendered":"http:\/\/afan.fr\/blog\/?p=5492"},"modified":"2025-12-17T16:48:53","modified_gmt":"2025-12-17T15:48:53","slug":"video-sur-la-presence-du-n-a-railexpo-2025","status":"publish","type":"post","link":"https:\/\/afan.fr\/blog\/index.php\/2025\/12\/17\/video-sur-la-presence-du-n-a-railexpo-2025\/","title":{"rendered":"Vid\u00e9o sur la pr\u00e9sence du N \u00e0 RailExpo 2025"},"content":{"rendered":"\n<p>Claude Fraval nous propose une vid\u00e9o r\u00e9alis\u00e9e lors de l&#8217;expo de Dreux : RailExpo 2025 et consacr\u00e9e \u00e0 l&#8217;\u00e9chelle N ; bon visionnage :<\/p>\n\n\n\n<p><a href=\"https:\/\/youtu.be\/Ppy4KlketeQ\">https:\/\/youtu.be\/Ppy4KlketeQ<\/a><\/p>\n","protected":false},"excerpt":{"rendered":"<p>Claude Fraval nous propose une vid\u00e9o r\u00e9alis\u00e9e lors de l&#8217;expo de Dreux : RailExpo 2025 et consacr\u00e9e \u00e0 l&#8217;\u00e9chelle N ; bon visionnage : https:\/\/youtu.be\/Ppy4KlketeQ<\/p>\n","protected":false},"author":1,"featured_media":0,"comment_status":"open","ping_status":"closed","sticky":false,"template":"","format":"standard","meta":{"_s2mail":"yes","footnotes":""},"categories":[1],"tags":[],"class_list":["post-5492","post","type-post","status-publish","format-standard","hentry","category-non-classe"],"_links":{"self":[{"href":"https:\/\/afan.fr\/blog\/index.php\/wp-json\/wp\/v2\/posts\/5492","targetHints":{"allow":["GET"]}}],"collection":[{"href":"https:\/\/afan.fr\/blog\/index.php\/wp-json\/wp\/v2\/posts"}],"about":[{"href":"https:\/\/afan.fr\/blog\/index.php\/wp-json\/wp\/v2\/types\/post"}],"author":[{"embeddable":true,"href":"https:\/\/afan.fr\/blog\/index.php\/wp-json\/wp\/v2\/users\/1"}],"replies":[{"embeddable":true,"href":"https:\/\/afan.fr\/blog\/index.php\/wp-json\/wp\/v2\/comments?post=5492"}],"version-history":[{"count":2,"href":"https:\/\/afan.fr\/blog\/index.php\/wp-json\/wp\/v2\/posts\/5492\/revisions"}],"predecessor-version":[{"id":5494,"href":"https:\/\/afan.fr\/blog\/index.php\/wp-json\/wp\/v2\/posts\/5492\/revisions\/5494"}],"wp:attachment":[{"href":"https:\/\/afan.fr\/blog\/index.php\/wp-json\/wp\/v2\/media?parent=5492"}],"wp:term":[{"taxonomy":"category","embeddable":true,"href":"https:\/\/afan.fr\/blog\/index.php\/wp-json\/wp\/v2\/categories?post=5492"},{"taxonomy":"post_tag","embeddable":true,"href":"https:\/\/afan.fr\/blog\/index.php\/wp-json\/wp\/v2\/tags?post=5492"}],"curies":[{"name":"wp","href":"https:\/\/api.w.org\/{rel}","templated":true}]}}