{"id":5172,"date":"2025-03-29T17:14:00","date_gmt":"2025-03-29T16:14:00","guid":{"rendered":"http:\/\/afan.fr\/blog\/?p=5172"},"modified":"2025-03-29T17:14:00","modified_gmt":"2025-03-29T16:14:00","slug":"fleischmann-coffret-voitures-bastille","status":"publish","type":"post","link":"https:\/\/afan.fr\/blog\/index.php\/2025\/03\/29\/fleischmann-coffret-voitures-bastille\/","title":{"rendered":"Fleischmann &#8211; Coffret voitures &#8220;Bastille&#8221;"},"content":{"rendered":"\n<p>Fleischmann vient de distribuer son coffret R\u00e9f. 6260067, compos\u00e9 de 3 voitures ex-allemandes connues sous la d\u00e9nomination &#8220;Bastille&#8221; suite \u00e0 leur longue utilisation sur la ligne SNCF ayant la gare de la Bastille \u00e0 Paris pour terminus ; 1 mixte et 2 de seconde.<\/p>\n\n\n\n<figure class=\"wp-block-image\"><img loading=\"lazy\" decoding=\"async\" width=\"1024\" height=\"369\" src=\"http:\/\/afan.fr\/blog\/wp-content\/uploads\/2025\/03\/2024-03_bastille1_flm-1024x369.jpg\" alt=\"\" class=\"wp-image-5173\" srcset=\"https:\/\/afan.fr\/blog\/wp-content\/uploads\/2025\/03\/2024-03_bastille1_flm-1024x369.jpg 1024w, https:\/\/afan.fr\/blog\/wp-content\/uploads\/2025\/03\/2024-03_bastille1_flm-300x108.jpg 300w, https:\/\/afan.fr\/blog\/wp-content\/uploads\/2025\/03\/2024-03_bastille1_flm-768x276.jpg 768w, https:\/\/afan.fr\/blog\/wp-content\/uploads\/2025\/03\/2024-03_bastille1_flm.jpg 1100w\" sizes=\"auto, (max-width: 1024px) 100vw, 1024px\" \/><\/figure>\n\n\n\n<figure class=\"wp-block-image\"><img loading=\"lazy\" decoding=\"async\" width=\"1024\" height=\"369\" src=\"http:\/\/afan.fr\/blog\/wp-content\/uploads\/2025\/03\/2024-03_bastille2_flm-1024x369.jpg\" alt=\"\" class=\"wp-image-5174\" srcset=\"https:\/\/afan.fr\/blog\/wp-content\/uploads\/2025\/03\/2024-03_bastille2_flm-1024x369.jpg 1024w, https:\/\/afan.fr\/blog\/wp-content\/uploads\/2025\/03\/2024-03_bastille2_flm-300x108.jpg 300w, https:\/\/afan.fr\/blog\/wp-content\/uploads\/2025\/03\/2024-03_bastille2_flm-768x277.jpg 768w, https:\/\/afan.fr\/blog\/wp-content\/uploads\/2025\/03\/2024-03_bastille2_flm.jpg 1200w\" sizes=\"auto, (max-width: 1024px) 100vw, 1024px\" \/><\/figure>\n\n\n\n<figure class=\"wp-block-image\"><img loading=\"lazy\" decoding=\"async\" width=\"1024\" height=\"337\" src=\"http:\/\/afan.fr\/blog\/wp-content\/uploads\/2025\/03\/2024-03_bastille3_flm-1024x337.jpg\" alt=\"\" class=\"wp-image-5175\" srcset=\"https:\/\/afan.fr\/blog\/wp-content\/uploads\/2025\/03\/2024-03_bastille3_flm-1024x337.jpg 1024w, https:\/\/afan.fr\/blog\/wp-content\/uploads\/2025\/03\/2024-03_bastille3_flm-300x99.jpg 300w, https:\/\/afan.fr\/blog\/wp-content\/uploads\/2025\/03\/2024-03_bastille3_flm-768x253.jpg 768w, https:\/\/afan.fr\/blog\/wp-content\/uploads\/2025\/03\/2024-03_bastille3_flm.jpg 1100w\" sizes=\"auto, (max-width: 1024px) 100vw, 1024px\" \/><\/figure>\n","protected":false},"excerpt":{"rendered":"<p>Fleischmann vient de distribuer son coffret R\u00e9f. 6260067, compos\u00e9 de 3 voitures ex-allemandes connues sous la d\u00e9nomination &#8220;Bastille&#8221; suite \u00e0 leur longue utilisation sur la ligne SNCF ayant la gare de la Bastille \u00e0 Paris pour terminus ; 1 mixte et 2 de seconde.<\/p>\n","protected":false},"author":1,"featured_media":0,"comment_status":"open","ping_status":"closed","sticky":false,"template":"","format":"standard","meta":{"_s2mail":"yes","footnotes":""},"categories":[1],"tags":[],"class_list":["post-5172","post","type-post","status-publish","format-standard","hentry","category-non-classe"],"_links":{"self":[{"href":"https:\/\/afan.fr\/blog\/index.php\/wp-json\/wp\/v2\/posts\/5172","targetHints":{"allow":["GET"]}}],"collection":[{"href":"https:\/\/afan.fr\/blog\/index.php\/wp-json\/wp\/v2\/posts"}],"about":[{"href":"https:\/\/afan.fr\/blog\/index.php\/wp-json\/wp\/v2\/types\/post"}],"author":[{"embeddable":true,"href":"https:\/\/afan.fr\/blog\/index.php\/wp-json\/wp\/v2\/users\/1"}],"replies":[{"embeddable":true,"href":"https:\/\/afan.fr\/blog\/index.php\/wp-json\/wp\/v2\/comments?post=5172"}],"version-history":[{"count":1,"href":"https:\/\/afan.fr\/blog\/index.php\/wp-json\/wp\/v2\/posts\/5172\/revisions"}],"predecessor-version":[{"id":5176,"href":"https:\/\/afan.fr\/blog\/index.php\/wp-json\/wp\/v2\/posts\/5172\/revisions\/5176"}],"wp:attachment":[{"href":"https:\/\/afan.fr\/blog\/index.php\/wp-json\/wp\/v2\/media?parent=5172"}],"wp:term":[{"taxonomy":"category","embeddable":true,"href":"https:\/\/afan.fr\/blog\/index.php\/wp-json\/wp\/v2\/categories?post=5172"},{"taxonomy":"post_tag","embeddable":true,"href":"https:\/\/afan.fr\/blog\/index.php\/wp-json\/wp\/v2\/tags?post=5172"}],"curies":[{"name":"wp","href":"https:\/\/api.w.org\/{rel}","templated":true}]}}