{"id":5135,"date":"2025-03-07T09:46:23","date_gmt":"2025-03-07T08:46:23","guid":{"rendered":"http:\/\/afan.fr\/blog\/?p=5135"},"modified":"2025-03-07T09:46:23","modified_gmt":"2025-03-07T08:46:23","slug":"cites-miniature-batiment-administratif-de-depot","status":"publish","type":"post","link":"https:\/\/afan.fr\/blog\/index.php\/2025\/03\/07\/cites-miniature-batiment-administratif-de-depot\/","title":{"rendered":"Cit\u00e9s Miniature &#8211; B\u00e2timent administratif de d\u00e9p\u00f4t"},"content":{"rendered":"\n<p>Cit\u00e9s Miniatures propose un kit de b\u00e2timent administratif de d\u00e9p\u00f4t avec \u00e9tage \u2013  version toit terrasse ;  R\u00e9f\u00e9rence BF-012-2TP-N .<br>Ces b\u00e2timents d\u2019architecture dite \u00ab unifi\u00e9e \u00bb ont \u00e9t\u00e9 en g\u00e9n\u00e9ral construit apr\u00e8s guerre sur un mod\u00e8le assez standardis\u00e9 (R ou R+1, toiture \u00e0 4 pans ou toit terrasse\u2026) , et sont pr\u00e9sents dans de tr\u00e8s nombreux d\u00e9p\u00f4ts de toute r\u00e9gion et de toute taille. Empreinte au sol : 142 x 60 mm h = 40,5 mm (acrot\u00e8re).<\/p>\n\n\n\n<figure class=\"wp-block-image\"><img loading=\"lazy\" decoding=\"async\" width=\"1024\" height=\"553\" src=\"http:\/\/afan.fr\/blog\/wp-content\/uploads\/2025\/03\/BF-012-2TP-HO_01-cc-1024x553.jpg\" alt=\"\" class=\"wp-image-5136\" srcset=\"https:\/\/afan.fr\/blog\/wp-content\/uploads\/2025\/03\/BF-012-2TP-HO_01-cc-1024x553.jpg 1024w, https:\/\/afan.fr\/blog\/wp-content\/uploads\/2025\/03\/BF-012-2TP-HO_01-cc-300x162.jpg 300w, https:\/\/afan.fr\/blog\/wp-content\/uploads\/2025\/03\/BF-012-2TP-HO_01-cc-768x415.jpg 768w, https:\/\/afan.fr\/blog\/wp-content\/uploads\/2025\/03\/BF-012-2TP-HO_01-cc.jpg 1500w\" sizes=\"auto, (max-width: 1024px) 100vw, 1024px\" \/><figcaption>Document Cit\u00e9s Miniatures (ici mod\u00e8le H0)<\/figcaption><\/figure>\n","protected":false},"excerpt":{"rendered":"<p>Cit\u00e9s Miniatures propose un kit de b\u00e2timent administratif de d\u00e9p\u00f4t avec \u00e9tage \u2013 version toit terrasse ; R\u00e9f\u00e9rence BF-012-2TP-N .Ces b\u00e2timents d\u2019architecture dite \u00ab unifi\u00e9e \u00bb ont \u00e9t\u00e9 en g\u00e9n\u00e9ral construit apr\u00e8s guerre sur un mod\u00e8le assez standardis\u00e9 (R ou R+1, toiture \u00e0 4 pans ou toit terrasse\u2026) , et sont pr\u00e9sents dans de tr\u00e8s [&hellip;]<\/p>\n","protected":false},"author":1,"featured_media":0,"comment_status":"open","ping_status":"closed","sticky":false,"template":"","format":"standard","meta":{"_s2mail":"yes","footnotes":""},"categories":[1],"tags":[],"class_list":["post-5135","post","type-post","status-publish","format-standard","hentry","category-non-classe"],"_links":{"self":[{"href":"https:\/\/afan.fr\/blog\/index.php\/wp-json\/wp\/v2\/posts\/5135","targetHints":{"allow":["GET"]}}],"collection":[{"href":"https:\/\/afan.fr\/blog\/index.php\/wp-json\/wp\/v2\/posts"}],"about":[{"href":"https:\/\/afan.fr\/blog\/index.php\/wp-json\/wp\/v2\/types\/post"}],"author":[{"embeddable":true,"href":"https:\/\/afan.fr\/blog\/index.php\/wp-json\/wp\/v2\/users\/1"}],"replies":[{"embeddable":true,"href":"https:\/\/afan.fr\/blog\/index.php\/wp-json\/wp\/v2\/comments?post=5135"}],"version-history":[{"count":1,"href":"https:\/\/afan.fr\/blog\/index.php\/wp-json\/wp\/v2\/posts\/5135\/revisions"}],"predecessor-version":[{"id":5137,"href":"https:\/\/afan.fr\/blog\/index.php\/wp-json\/wp\/v2\/posts\/5135\/revisions\/5137"}],"wp:attachment":[{"href":"https:\/\/afan.fr\/blog\/index.php\/wp-json\/wp\/v2\/media?parent=5135"}],"wp:term":[{"taxonomy":"category","embeddable":true,"href":"https:\/\/afan.fr\/blog\/index.php\/wp-json\/wp\/v2\/categories?post=5135"},{"taxonomy":"post_tag","embeddable":true,"href":"https:\/\/afan.fr\/blog\/index.php\/wp-json\/wp\/v2\/tags?post=5135"}],"curies":[{"name":"wp","href":"https:\/\/api.w.org\/{rel}","templated":true}]}}