{"id":5100,"date":"2025-02-05T08:31:39","date_gmt":"2025-02-05T07:31:39","guid":{"rendered":"http:\/\/afan.fr\/blog\/?p=5100"},"modified":"2025-02-05T08:31:39","modified_gmt":"2025-02-05T07:31:39","slug":"dproduction160-renault-r350-porteur-de-benne-cerealiere","status":"publish","type":"post","link":"https:\/\/afan.fr\/blog\/index.php\/2025\/02\/05\/dproduction160-renault-r350-porteur-de-benne-cerealiere\/","title":{"rendered":"DProductioN160 &#8211; Renault R350 porteur de benne c\u00e9r\u00e9ali\u00e8re"},"content":{"rendered":"\n<p>Deux nouveaut\u00e9s sont propos\u00e9es par DProductioN160 en ce d\u00e9but F\u00e9vrier 2025 :<\/p>\n\n\n\n<ul class=\"wp-block-list\"><li>le Renault R350 en version porteur benne : Ref DPREN350BENN<br> deux versions possibles , version transport ou version d\u00e9chargement<\/li><li>le remorque c\u00e9r\u00e9ali\u00e8re m\u00e9tallique :Ref DPBENCERE<br> deux versions possibles , version b\u00e2ch\u00e9e ou version non b\u00e2ch\u00e9e<\/li><\/ul>\n\n\n\n<figure class=\"wp-block-image\"><img loading=\"lazy\" decoding=\"async\" width=\"1024\" height=\"772\" src=\"http:\/\/afan.fr\/blog\/wp-content\/uploads\/2025\/02\/IMG_20250120_151712-1024x772.jpg\" alt=\"\" class=\"wp-image-5101\" srcset=\"https:\/\/afan.fr\/blog\/wp-content\/uploads\/2025\/02\/IMG_20250120_151712-1024x772.jpg 1024w, https:\/\/afan.fr\/blog\/wp-content\/uploads\/2025\/02\/IMG_20250120_151712-300x226.jpg 300w, https:\/\/afan.fr\/blog\/wp-content\/uploads\/2025\/02\/IMG_20250120_151712-768x579.jpg 768w, https:\/\/afan.fr\/blog\/wp-content\/uploads\/2025\/02\/IMG_20250120_151712.jpg 2000w\" sizes=\"auto, (max-width: 1024px) 100vw, 1024px\" \/><\/figure>\n\n\n\n<figure class=\"wp-block-image\"><img loading=\"lazy\" decoding=\"async\" width=\"1024\" height=\"501\" src=\"http:\/\/afan.fr\/blog\/wp-content\/uploads\/2025\/02\/IMG_20250120_151604-1024x501.jpg\" alt=\"\" class=\"wp-image-5102\" srcset=\"https:\/\/afan.fr\/blog\/wp-content\/uploads\/2025\/02\/IMG_20250120_151604-1024x501.jpg 1024w, https:\/\/afan.fr\/blog\/wp-content\/uploads\/2025\/02\/IMG_20250120_151604-300x147.jpg 300w, https:\/\/afan.fr\/blog\/wp-content\/uploads\/2025\/02\/IMG_20250120_151604-768x376.jpg 768w, https:\/\/afan.fr\/blog\/wp-content\/uploads\/2025\/02\/IMG_20250120_151604.jpg 2000w\" sizes=\"auto, (max-width: 1024px) 100vw, 1024px\" \/><\/figure>\n\n\n\n<figure class=\"wp-block-image\"><img loading=\"lazy\" decoding=\"async\" width=\"1024\" height=\"631\" src=\"http:\/\/afan.fr\/blog\/wp-content\/uploads\/2025\/02\/IMG_20250120_151746-1024x631.jpg\" alt=\"\" class=\"wp-image-5103\" srcset=\"https:\/\/afan.fr\/blog\/wp-content\/uploads\/2025\/02\/IMG_20250120_151746-1024x631.jpg 1024w, https:\/\/afan.fr\/blog\/wp-content\/uploads\/2025\/02\/IMG_20250120_151746-300x185.jpg 300w, https:\/\/afan.fr\/blog\/wp-content\/uploads\/2025\/02\/IMG_20250120_151746-768x473.jpg 768w, https:\/\/afan.fr\/blog\/wp-content\/uploads\/2025\/02\/IMG_20250120_151746.jpg 2000w\" sizes=\"auto, (max-width: 1024px) 100vw, 1024px\" \/><figcaption>Documents DProductioN160 illustrant toutes les possibilit\u00e9s<\/figcaption><\/figure>\n","protected":false},"excerpt":{"rendered":"<p>Deux nouveaut\u00e9s sont propos\u00e9es par DProductioN160 en ce d\u00e9but F\u00e9vrier 2025 : le Renault R350 en version porteur benne : Ref DPREN350BENN deux versions possibles , version transport ou version d\u00e9chargement le remorque c\u00e9r\u00e9ali\u00e8re m\u00e9tallique :Ref DPBENCERE deux versions possibles , version b\u00e2ch\u00e9e ou version non b\u00e2ch\u00e9e<\/p>\n","protected":false},"author":1,"featured_media":0,"comment_status":"open","ping_status":"closed","sticky":false,"template":"","format":"standard","meta":{"_s2mail":"yes","footnotes":""},"categories":[1],"tags":[],"class_list":["post-5100","post","type-post","status-publish","format-standard","hentry","category-non-classe"],"_links":{"self":[{"href":"https:\/\/afan.fr\/blog\/index.php\/wp-json\/wp\/v2\/posts\/5100","targetHints":{"allow":["GET"]}}],"collection":[{"href":"https:\/\/afan.fr\/blog\/index.php\/wp-json\/wp\/v2\/posts"}],"about":[{"href":"https:\/\/afan.fr\/blog\/index.php\/wp-json\/wp\/v2\/types\/post"}],"author":[{"embeddable":true,"href":"https:\/\/afan.fr\/blog\/index.php\/wp-json\/wp\/v2\/users\/1"}],"replies":[{"embeddable":true,"href":"https:\/\/afan.fr\/blog\/index.php\/wp-json\/wp\/v2\/comments?post=5100"}],"version-history":[{"count":1,"href":"https:\/\/afan.fr\/blog\/index.php\/wp-json\/wp\/v2\/posts\/5100\/revisions"}],"predecessor-version":[{"id":5104,"href":"https:\/\/afan.fr\/blog\/index.php\/wp-json\/wp\/v2\/posts\/5100\/revisions\/5104"}],"wp:attachment":[{"href":"https:\/\/afan.fr\/blog\/index.php\/wp-json\/wp\/v2\/media?parent=5100"}],"wp:term":[{"taxonomy":"category","embeddable":true,"href":"https:\/\/afan.fr\/blog\/index.php\/wp-json\/wp\/v2\/categories?post=5100"},{"taxonomy":"post_tag","embeddable":true,"href":"https:\/\/afan.fr\/blog\/index.php\/wp-json\/wp\/v2\/tags?post=5100"}],"curies":[{"name":"wp","href":"https:\/\/api.w.org\/{rel}","templated":true}]}}