{"id":4855,"date":"2024-06-23T10:35:13","date_gmt":"2024-06-23T09:35:13","guid":{"rendered":"http:\/\/afan.fr\/blog\/?p=4855"},"modified":"2024-06-23T10:37:17","modified_gmt":"2024-06-23T09:37:17","slug":"arnold-bache-k70-sncf","status":"publish","type":"post","link":"https:\/\/afan.fr\/blog\/index.php\/2024\/06\/23\/arnold-bache-k70-sncf\/","title":{"rendered":"Arnold- B\u00e2ch\u00e9 K70 SNCF"},"content":{"rendered":"\n<p>Arnold vient de distribuer son coffret de 2 wagons b\u00e2ch\u00e9s \u00e0 2 essieux, Type K70 de Fret SNCF, EpIV. R\u00e9f. HN6696.<\/p>\n\n\n\n<figure class=\"wp-block-image\"><img loading=\"lazy\" decoding=\"async\" width=\"1024\" height=\"199\" src=\"http:\/\/afan.fr\/blog\/wp-content\/uploads\/2024\/06\/2024-06_k70_arnold-1024x199.jpg\" alt=\"\" class=\"wp-image-4859\" srcset=\"https:\/\/afan.fr\/blog\/wp-content\/uploads\/2024\/06\/2024-06_k70_arnold-1024x199.jpg 1024w, https:\/\/afan.fr\/blog\/wp-content\/uploads\/2024\/06\/2024-06_k70_arnold-300x58.jpg 300w, https:\/\/afan.fr\/blog\/wp-content\/uploads\/2024\/06\/2024-06_k70_arnold-768x149.jpg 768w, https:\/\/afan.fr\/blog\/wp-content\/uploads\/2024\/06\/2024-06_k70_arnold.jpg 1200w\" sizes=\"auto, (max-width: 1024px) 100vw, 1024px\" \/><\/figure>\n","protected":false},"excerpt":{"rendered":"<p>Arnold vient de distribuer son coffret de 2 wagons b\u00e2ch\u00e9s \u00e0 2 essieux, Type K70 de Fret SNCF, EpIV. R\u00e9f. HN6696.<\/p>\n","protected":false},"author":1,"featured_media":0,"comment_status":"open","ping_status":"closed","sticky":false,"template":"","format":"standard","meta":{"_s2mail":"yes","footnotes":""},"categories":[1],"tags":[],"class_list":["post-4855","post","type-post","status-publish","format-standard","hentry","category-non-classe"],"_links":{"self":[{"href":"https:\/\/afan.fr\/blog\/index.php\/wp-json\/wp\/v2\/posts\/4855","targetHints":{"allow":["GET"]}}],"collection":[{"href":"https:\/\/afan.fr\/blog\/index.php\/wp-json\/wp\/v2\/posts"}],"about":[{"href":"https:\/\/afan.fr\/blog\/index.php\/wp-json\/wp\/v2\/types\/post"}],"author":[{"embeddable":true,"href":"https:\/\/afan.fr\/blog\/index.php\/wp-json\/wp\/v2\/users\/1"}],"replies":[{"embeddable":true,"href":"https:\/\/afan.fr\/blog\/index.php\/wp-json\/wp\/v2\/comments?post=4855"}],"version-history":[{"count":3,"href":"https:\/\/afan.fr\/blog\/index.php\/wp-json\/wp\/v2\/posts\/4855\/revisions"}],"predecessor-version":[{"id":4860,"href":"https:\/\/afan.fr\/blog\/index.php\/wp-json\/wp\/v2\/posts\/4855\/revisions\/4860"}],"wp:attachment":[{"href":"https:\/\/afan.fr\/blog\/index.php\/wp-json\/wp\/v2\/media?parent=4855"}],"wp:term":[{"taxonomy":"category","embeddable":true,"href":"https:\/\/afan.fr\/blog\/index.php\/wp-json\/wp\/v2\/categories?post=4855"},{"taxonomy":"post_tag","embeddable":true,"href":"https:\/\/afan.fr\/blog\/index.php\/wp-json\/wp\/v2\/tags?post=4855"}],"curies":[{"name":"wp","href":"https:\/\/api.w.org\/{rel}","templated":true}]}}