{"id":4687,"date":"2024-03-11T13:59:53","date_gmt":"2024-03-11T12:59:53","guid":{"rendered":"http:\/\/afan.fr\/blog\/?p=4687"},"modified":"2024-03-11T13:59:53","modified_gmt":"2024-03-11T12:59:53","slug":"afan-mise-au-point","status":"publish","type":"post","link":"https:\/\/afan.fr\/blog\/index.php\/2024\/03\/11\/afan-mise-au-point\/","title":{"rendered":"AFAN &#8211; Mise au point"},"content":{"rendered":"\n<p>Il devient semble-t-il normal, aujourd\u2019hui, de remettre en cause toutes les informations.<br> Le train miniature n\u2019y \u00e9chappe pas et l\u2019AFAN non plus, puisque maintenant, on remet en doute, publiquement, la r\u00e9alit\u00e9 des photos et d\u00e9tails que nous pouvons placer sur notre Blog ou notre site Internet, tout en partant vers des all\u00e9gations assez \u00e9tonnantes, voire, mensong\u00e8res. Il nous semble donc n\u00e9cessaire de remettre les choses au clair !<br> <strong>Toutes les photos de nouveaut\u00e9s industrielles que nous publions sont celles de mod\u00e8les effectivement disponibles dans le commerce<\/strong>, en g\u00e9n\u00e9ral apr\u00e8s achat.<br> Que le fournisseur ne soit pas en mesure de livrer tous les points de vente de France et de Navarre \u00e0 la m\u00eame seconde n\u2019enl\u00e8ve rien \u00e0 la v\u00e9rit\u00e9 de notre publication.<br> Par ailleurs, nous ne faisons strictement aucun commentaire public, nous les r\u00e9servons \u00e0 notre Bulletin de liaison lisible par nos seuls adh\u00e9rents. Nous ne cautionnons donc aucunement toutes les affabulations qui peuvent fleurir sur les r\u00e9seaux sociaux.<br> Ainsi, la photo de la DEV couchettes bleue, avec sigle encadr\u00e9, est bien celle de la voiture extraite de sa bo\u00eete ! C\u2019est donc bien ce qui est vendu. Le texte est celui inscrit sur l\u2019emballage, ce texte est manifestement faux, l\u2019AFAN n\u2019en est pas responsable.<br> En ce qui concerne les CC 14000\/14100, nous avons publi\u00e9 l\u2019information de leur disponibilit\u00e9, l\u00e0 aussi, apr\u00e8s achat. En outre, sur le catalogue il est indiqu\u00e9 \u00ab 4 phares \u00bb et non \u00ab feux blancs et feux rouges fonctionnels \u00bb. Il n\u2019y a donc pas d\u2019ambigu\u00eft\u00e9. Sur la notice, en revanche, il est \u00e9crit que seule la r\u00e9f\u00e9rence HN2550 (CC 14132) poss\u00e8de feux blancs ET rouges, ce qui est vrai. Enfin, si la machine en DCC sonore ne poss\u00e8de pas de connecteur, la version analogique est bien \u00e9quip\u00e9e d\u2019un connecteur Next18 ; alors pourquoi pr\u00e9tendre publiquement le contraire ?<br> Quel est le but r\u00e9el de ces d\u00e9nigrements : d\u00e9truire l\u2019image de l\u2019Association, ou, pire, certains produits industriels ?<br> Navrant.<\/p>\n","protected":false},"excerpt":{"rendered":"<p>Il devient semble-t-il normal, aujourd\u2019hui, de remettre en cause toutes les informations. Le train miniature n\u2019y \u00e9chappe pas et l\u2019AFAN non plus, puisque maintenant, on remet en doute, publiquement, la r\u00e9alit\u00e9 des photos et d\u00e9tails que nous pouvons placer sur notre Blog ou notre site Internet, tout en partant vers des all\u00e9gations assez \u00e9tonnantes, voire, [&hellip;]<\/p>\n","protected":false},"author":1,"featured_media":0,"comment_status":"open","ping_status":"closed","sticky":false,"template":"","format":"standard","meta":{"_s2mail":"yes","footnotes":""},"categories":[1],"tags":[],"class_list":["post-4687","post","type-post","status-publish","format-standard","hentry","category-non-classe"],"_links":{"self":[{"href":"https:\/\/afan.fr\/blog\/index.php\/wp-json\/wp\/v2\/posts\/4687","targetHints":{"allow":["GET"]}}],"collection":[{"href":"https:\/\/afan.fr\/blog\/index.php\/wp-json\/wp\/v2\/posts"}],"about":[{"href":"https:\/\/afan.fr\/blog\/index.php\/wp-json\/wp\/v2\/types\/post"}],"author":[{"embeddable":true,"href":"https:\/\/afan.fr\/blog\/index.php\/wp-json\/wp\/v2\/users\/1"}],"replies":[{"embeddable":true,"href":"https:\/\/afan.fr\/blog\/index.php\/wp-json\/wp\/v2\/comments?post=4687"}],"version-history":[{"count":1,"href":"https:\/\/afan.fr\/blog\/index.php\/wp-json\/wp\/v2\/posts\/4687\/revisions"}],"predecessor-version":[{"id":4688,"href":"https:\/\/afan.fr\/blog\/index.php\/wp-json\/wp\/v2\/posts\/4687\/revisions\/4688"}],"wp:attachment":[{"href":"https:\/\/afan.fr\/blog\/index.php\/wp-json\/wp\/v2\/media?parent=4687"}],"wp:term":[{"taxonomy":"category","embeddable":true,"href":"https:\/\/afan.fr\/blog\/index.php\/wp-json\/wp\/v2\/categories?post=4687"},{"taxonomy":"post_tag","embeddable":true,"href":"https:\/\/afan.fr\/blog\/index.php\/wp-json\/wp\/v2\/tags?post=4687"}],"curies":[{"name":"wp","href":"https:\/\/api.w.org\/{rel}","templated":true}]}}