{"id":4420,"date":"2023-10-29T09:29:52","date_gmt":"2023-10-29T08:29:52","guid":{"rendered":"http:\/\/afan.fr\/blog\/?p=4420"},"modified":"2023-10-29T09:29:52","modified_gmt":"2023-10-29T08:29:52","slug":"piko-premieres-nouveautes-2023","status":"publish","type":"post","link":"https:\/\/afan.fr\/blog\/index.php\/2023\/10\/29\/piko-premieres-nouveautes-2023\/","title":{"rendered":"Piko &#8211; Premi\u00e8res nouveaut\u00e9s 2023"},"content":{"rendered":"\n<p>Piko commercialise 2 des 3 nouveaut\u00e9s annonc\u00e9es en d\u00e9but 2023. Sont ainsi disponibles :<\/p>\n\n\n\n<p>\u2022    94500 : Set de 2 voitures Corail Vtu, 1\u00e8re classe et 2nde classe, livr\u00e9e &#8220;Fluo Grand Est&#8221;, \u00e9poque VI.<\/p>\n\n\n\n<figure class=\"wp-block-image\"><img loading=\"lazy\" decoding=\"async\" width=\"1024\" height=\"197\" src=\"http:\/\/afan.fr\/blog\/wp-content\/uploads\/2023\/10\/2023-10_vtu_ge1_piko-1024x197.jpg\" alt=\"\" class=\"wp-image-4421\" srcset=\"https:\/\/afan.fr\/blog\/wp-content\/uploads\/2023\/10\/2023-10_vtu_ge1_piko-1024x197.jpg 1024w, https:\/\/afan.fr\/blog\/wp-content\/uploads\/2023\/10\/2023-10_vtu_ge1_piko-300x58.jpg 300w, https:\/\/afan.fr\/blog\/wp-content\/uploads\/2023\/10\/2023-10_vtu_ge1_piko-768x148.jpg 768w, https:\/\/afan.fr\/blog\/wp-content\/uploads\/2023\/10\/2023-10_vtu_ge1_piko.jpg 1200w\" sizes=\"auto, (max-width: 1024px) 100vw, 1024px\" \/><\/figure>\n\n\n\n<figure class=\"wp-block-image\"><img loading=\"lazy\" decoding=\"async\" width=\"1024\" height=\"197\" src=\"http:\/\/afan.fr\/blog\/wp-content\/uploads\/2023\/10\/2023-10_vtu_ge2_piko-1024x197.jpg\" alt=\"\" class=\"wp-image-4422\" srcset=\"https:\/\/afan.fr\/blog\/wp-content\/uploads\/2023\/10\/2023-10_vtu_ge2_piko-1024x197.jpg 1024w, https:\/\/afan.fr\/blog\/wp-content\/uploads\/2023\/10\/2023-10_vtu_ge2_piko-300x58.jpg 300w, https:\/\/afan.fr\/blog\/wp-content\/uploads\/2023\/10\/2023-10_vtu_ge2_piko-768x148.jpg 768w, https:\/\/afan.fr\/blog\/wp-content\/uploads\/2023\/10\/2023-10_vtu_ge2_piko.jpg 1200w\" sizes=\"auto, (max-width: 1024px) 100vw, 1024px\" \/><\/figure>\n\n\n\n<p>\u2022    94004 : BB 461010, SNCF, \u00e9poques Vc\/VI<\/p>\n\n\n\n<figure class=\"wp-block-image\"><img loading=\"lazy\" decoding=\"async\" width=\"1024\" height=\"347\" src=\"http:\/\/afan.fr\/blog\/wp-content\/uploads\/2023\/10\/2023-10_461010_piko-1024x347.jpg\" alt=\"\" class=\"wp-image-4423\" srcset=\"https:\/\/afan.fr\/blog\/wp-content\/uploads\/2023\/10\/2023-10_461010_piko-1024x347.jpg 1024w, https:\/\/afan.fr\/blog\/wp-content\/uploads\/2023\/10\/2023-10_461010_piko-300x102.jpg 300w, https:\/\/afan.fr\/blog\/wp-content\/uploads\/2023\/10\/2023-10_461010_piko-768x260.jpg 768w, https:\/\/afan.fr\/blog\/wp-content\/uploads\/2023\/10\/2023-10_461010_piko.jpg 1200w\" sizes=\"auto, (max-width: 1024px) 100vw, 1024px\" \/><\/figure>\n","protected":false},"excerpt":{"rendered":"<p>Piko commercialise 2 des 3 nouveaut\u00e9s annonc\u00e9es en d\u00e9but 2023. Sont ainsi disponibles : \u2022 94500 : Set de 2 voitures Corail Vtu, 1\u00e8re classe et 2nde classe, livr\u00e9e &#8220;Fluo Grand Est&#8221;, \u00e9poque VI. \u2022 94004 : BB 461010, SNCF, \u00e9poques Vc\/VI<\/p>\n","protected":false},"author":1,"featured_media":0,"comment_status":"open","ping_status":"closed","sticky":false,"template":"","format":"standard","meta":{"_s2mail":"yes","footnotes":""},"categories":[1],"tags":[],"class_list":["post-4420","post","type-post","status-publish","format-standard","hentry","category-non-classe"],"_links":{"self":[{"href":"https:\/\/afan.fr\/blog\/index.php\/wp-json\/wp\/v2\/posts\/4420","targetHints":{"allow":["GET"]}}],"collection":[{"href":"https:\/\/afan.fr\/blog\/index.php\/wp-json\/wp\/v2\/posts"}],"about":[{"href":"https:\/\/afan.fr\/blog\/index.php\/wp-json\/wp\/v2\/types\/post"}],"author":[{"embeddable":true,"href":"https:\/\/afan.fr\/blog\/index.php\/wp-json\/wp\/v2\/users\/1"}],"replies":[{"embeddable":true,"href":"https:\/\/afan.fr\/blog\/index.php\/wp-json\/wp\/v2\/comments?post=4420"}],"version-history":[{"count":1,"href":"https:\/\/afan.fr\/blog\/index.php\/wp-json\/wp\/v2\/posts\/4420\/revisions"}],"predecessor-version":[{"id":4424,"href":"https:\/\/afan.fr\/blog\/index.php\/wp-json\/wp\/v2\/posts\/4420\/revisions\/4424"}],"wp:attachment":[{"href":"https:\/\/afan.fr\/blog\/index.php\/wp-json\/wp\/v2\/media?parent=4420"}],"wp:term":[{"taxonomy":"category","embeddable":true,"href":"https:\/\/afan.fr\/blog\/index.php\/wp-json\/wp\/v2\/categories?post=4420"},{"taxonomy":"post_tag","embeddable":true,"href":"https:\/\/afan.fr\/blog\/index.php\/wp-json\/wp\/v2\/tags?post=4420"}],"curies":[{"name":"wp","href":"https:\/\/api.w.org\/{rel}","templated":true}]}}