{"id":4320,"date":"2023-09-23T09:09:53","date_gmt":"2023-09-23T08:09:53","guid":{"rendered":"http:\/\/afan.fr\/blog\/?p=4320"},"modified":"2023-09-23T09:09:53","modified_gmt":"2023-09-23T08:09:53","slug":"architecturepassion-une-gare-plm","status":"publish","type":"post","link":"https:\/\/afan.fr\/blog\/index.php\/2023\/09\/23\/architecturepassion-une-gare-plm\/","title":{"rendered":"Architecture&#038;Passion &#8211; Une gare PLM"},"content":{"rendered":"\n<p>Architecture&amp;Passion annonce la disponibilit\u00e9 d&#8217;un kit de BV 5 portes &#8220;PLM&#8221; type \u00ab Gare de Saint Gengoux le National\u00bb. R\u00e9f\u00e9rence : 1605100<\/p>\n\n\n\n<p>B\u00e2timent Voyageur de la gare de St Gengoux le National. B\u00e2timent classique des grosses communes ou des gares de bifurcation. Toits grav\u00e9s, huisseries et parement &#8220;dans la couleur&#8221;, cloisonnement int\u00e9rieur fourni.<br>Dimensions : L 131 mm x l 50 mm au sol, 69 mm avec la  marquise.<\/p>\n\n\n\n<figure class=\"wp-block-image is-resized\"><img loading=\"lazy\" decoding=\"async\" src=\"http:\/\/afan.fr\/blog\/wp-content\/uploads\/2023\/09\/bv-5-portes-plm-type-gare-de-saint-gengoux-le-national-n-.jpg\" alt=\"\" class=\"wp-image-4321\" width=\"580\" height=\"580\" srcset=\"https:\/\/afan.fr\/blog\/wp-content\/uploads\/2023\/09\/bv-5-portes-plm-type-gare-de-saint-gengoux-le-national-n-.jpg 800w, https:\/\/afan.fr\/blog\/wp-content\/uploads\/2023\/09\/bv-5-portes-plm-type-gare-de-saint-gengoux-le-national-n--150x150.jpg 150w, https:\/\/afan.fr\/blog\/wp-content\/uploads\/2023\/09\/bv-5-portes-plm-type-gare-de-saint-gengoux-le-national-n--300x300.jpg 300w, https:\/\/afan.fr\/blog\/wp-content\/uploads\/2023\/09\/bv-5-portes-plm-type-gare-de-saint-gengoux-le-national-n--768x768.jpg 768w\" sizes=\"auto, (max-width: 580px) 100vw, 580px\" \/><figcaption>Doc Architecture&amp;Passion<\/figcaption><\/figure>\n","protected":false},"excerpt":{"rendered":"<p>Architecture&amp;Passion annonce la disponibilit\u00e9 d&#8217;un kit de BV 5 portes &#8220;PLM&#8221; type \u00ab Gare de Saint Gengoux le National\u00bb. R\u00e9f\u00e9rence : 1605100 B\u00e2timent Voyageur de la gare de St Gengoux le National. B\u00e2timent classique des grosses communes ou des gares de bifurcation. Toits grav\u00e9s, huisseries et parement &#8220;dans la couleur&#8221;, cloisonnement int\u00e9rieur fourni.Dimensions : L [&hellip;]<\/p>\n","protected":false},"author":1,"featured_media":0,"comment_status":"open","ping_status":"closed","sticky":false,"template":"","format":"standard","meta":{"_s2mail":"yes","footnotes":""},"categories":[1],"tags":[],"class_list":["post-4320","post","type-post","status-publish","format-standard","hentry","category-non-classe"],"_links":{"self":[{"href":"https:\/\/afan.fr\/blog\/index.php\/wp-json\/wp\/v2\/posts\/4320","targetHints":{"allow":["GET"]}}],"collection":[{"href":"https:\/\/afan.fr\/blog\/index.php\/wp-json\/wp\/v2\/posts"}],"about":[{"href":"https:\/\/afan.fr\/blog\/index.php\/wp-json\/wp\/v2\/types\/post"}],"author":[{"embeddable":true,"href":"https:\/\/afan.fr\/blog\/index.php\/wp-json\/wp\/v2\/users\/1"}],"replies":[{"embeddable":true,"href":"https:\/\/afan.fr\/blog\/index.php\/wp-json\/wp\/v2\/comments?post=4320"}],"version-history":[{"count":1,"href":"https:\/\/afan.fr\/blog\/index.php\/wp-json\/wp\/v2\/posts\/4320\/revisions"}],"predecessor-version":[{"id":4322,"href":"https:\/\/afan.fr\/blog\/index.php\/wp-json\/wp\/v2\/posts\/4320\/revisions\/4322"}],"wp:attachment":[{"href":"https:\/\/afan.fr\/blog\/index.php\/wp-json\/wp\/v2\/media?parent=4320"}],"wp:term":[{"taxonomy":"category","embeddable":true,"href":"https:\/\/afan.fr\/blog\/index.php\/wp-json\/wp\/v2\/categories?post=4320"},{"taxonomy":"post_tag","embeddable":true,"href":"https:\/\/afan.fr\/blog\/index.php\/wp-json\/wp\/v2\/tags?post=4320"}],"curies":[{"name":"wp","href":"https:\/\/api.w.org\/{rel}","templated":true}]}}