{"id":4313,"date":"2023-09-20T09:29:29","date_gmt":"2023-09-20T08:29:29","guid":{"rendered":"http:\/\/afan.fr\/blog\/?p=4313"},"modified":"2023-09-20T09:29:29","modified_gmt":"2023-09-20T08:29:29","slug":"triste-nouvelle-2","status":"publish","type":"post","link":"https:\/\/afan.fr\/blog\/index.php\/2023\/09\/20\/triste-nouvelle-2\/","title":{"rendered":"Triste nouvelle"},"content":{"rendered":"\n<p><strong>Jean Pierre THIEBAUX<\/strong>, bien connu du monde du mod\u00e9lisme ferroviaire est d\u00e9c\u00e9d\u00e9 il y a quelques jours.<\/p>\n\n\n\n<p>Jean-Pierre \u00e9tait l\u2019un des animateurs de AT V 37 de St Avertin et des quelques expositions \u00e0 succ\u00e8s de la r\u00e9gion. Mod\u00e9liste remarquable, on lui doit plus anciennement le pont en N \u00e0 voie unique de Kehl qui enjambe le Rhin et le viaduc en pierre de Monts sur Indre. Membre de l\u2019AFAN, il aidait aussi le bureau dans ses fonctions de membre d\u00e9l\u00e9gu\u00e9.<br>C\u2019\u00e9tait aussi un peintre remarquable et ses \u0153uvres ferroviaires et picturales faisaient admiration.<\/p>\n\n\n\n<p>Condol\u00e9ances attrist\u00e9es de l&#8217;AFAN \u00e0 sa famile et ses amis. <\/p>\n\n\n\n<figure class=\"wp-block-image\"><img loading=\"lazy\" decoding=\"async\" width=\"1024\" height=\"237\" src=\"http:\/\/afan.fr\/blog\/wp-content\/uploads\/2023\/09\/IMG_5662-Copie-1024x237.jpg\" alt=\"\" class=\"wp-image-4314\" srcset=\"https:\/\/afan.fr\/blog\/wp-content\/uploads\/2023\/09\/IMG_5662-Copie-1024x237.jpg 1024w, https:\/\/afan.fr\/blog\/wp-content\/uploads\/2023\/09\/IMG_5662-Copie-300x70.jpg 300w, https:\/\/afan.fr\/blog\/wp-content\/uploads\/2023\/09\/IMG_5662-Copie-768x178.jpg 768w, https:\/\/afan.fr\/blog\/wp-content\/uploads\/2023\/09\/IMG_5662-Copie.jpg 1600w\" sizes=\"auto, (max-width: 1024px) 100vw, 1024px\" \/><figcaption>Pont de Kehl<\/figcaption><\/figure>\n","protected":false},"excerpt":{"rendered":"<p>Jean Pierre THIEBAUX, bien connu du monde du mod\u00e9lisme ferroviaire est d\u00e9c\u00e9d\u00e9 il y a quelques jours. Jean-Pierre \u00e9tait l\u2019un des animateurs de AT V 37 de St Avertin et des quelques expositions \u00e0 succ\u00e8s de la r\u00e9gion. Mod\u00e9liste remarquable, on lui doit plus anciennement le pont en N \u00e0 voie unique de Kehl qui [&hellip;]<\/p>\n","protected":false},"author":1,"featured_media":0,"comment_status":"open","ping_status":"closed","sticky":false,"template":"","format":"standard","meta":{"_s2mail":"yes","footnotes":""},"categories":[1],"tags":[],"class_list":["post-4313","post","type-post","status-publish","format-standard","hentry","category-non-classe"],"_links":{"self":[{"href":"https:\/\/afan.fr\/blog\/index.php\/wp-json\/wp\/v2\/posts\/4313","targetHints":{"allow":["GET"]}}],"collection":[{"href":"https:\/\/afan.fr\/blog\/index.php\/wp-json\/wp\/v2\/posts"}],"about":[{"href":"https:\/\/afan.fr\/blog\/index.php\/wp-json\/wp\/v2\/types\/post"}],"author":[{"embeddable":true,"href":"https:\/\/afan.fr\/blog\/index.php\/wp-json\/wp\/v2\/users\/1"}],"replies":[{"embeddable":true,"href":"https:\/\/afan.fr\/blog\/index.php\/wp-json\/wp\/v2\/comments?post=4313"}],"version-history":[{"count":1,"href":"https:\/\/afan.fr\/blog\/index.php\/wp-json\/wp\/v2\/posts\/4313\/revisions"}],"predecessor-version":[{"id":4315,"href":"https:\/\/afan.fr\/blog\/index.php\/wp-json\/wp\/v2\/posts\/4313\/revisions\/4315"}],"wp:attachment":[{"href":"https:\/\/afan.fr\/blog\/index.php\/wp-json\/wp\/v2\/media?parent=4313"}],"wp:term":[{"taxonomy":"category","embeddable":true,"href":"https:\/\/afan.fr\/blog\/index.php\/wp-json\/wp\/v2\/categories?post=4313"},{"taxonomy":"post_tag","embeddable":true,"href":"https:\/\/afan.fr\/blog\/index.php\/wp-json\/wp\/v2\/tags?post=4313"}],"curies":[{"name":"wp","href":"https:\/\/api.w.org\/{rel}","templated":true}]}}