{"id":4029,"date":"2023-01-13T17:55:01","date_gmt":"2023-01-13T16:55:01","guid":{"rendered":"http:\/\/afan.fr\/blog\/?p=4029"},"modified":"2023-01-16T15:00:13","modified_gmt":"2023-01-16T14:00:13","slug":"mikadotrain-ree-deuxieme-serie-des-ead","status":"publish","type":"post","link":"https:\/\/afan.fr\/blog\/index.php\/2023\/01\/13\/mikadotrain-ree-deuxieme-serie-des-ead\/","title":{"rendered":"Mikadotrain-REE &#8211; Deuxi\u00e8me s\u00e9rie des EAD"},"content":{"rendered":"\n<p>La deuxi\u00e8me s\u00e9rie des autorails EAD produite par Mikadotrain-REE est disponible. Il s&#8217;agit de versions plus r\u00e9centes \u00e9quip\u00e9es de cabines renforc\u00e9es et de feux doubles, voire triples. <\/p>\n\n\n\n<figure class=\"wp-block-image\"><img loading=\"lazy\" decoding=\"async\" width=\"1024\" height=\"178\" src=\"http:\/\/afan.fr\/blog\/wp-content\/uploads\/2023\/01\/2023-01_ead2_mikado-1024x178.jpg\" alt=\"\" class=\"wp-image-4030\" srcset=\"https:\/\/afan.fr\/blog\/wp-content\/uploads\/2023\/01\/2023-01_ead2_mikado-1024x178.jpg 1024w, https:\/\/afan.fr\/blog\/wp-content\/uploads\/2023\/01\/2023-01_ead2_mikado-300x52.jpg 300w, https:\/\/afan.fr\/blog\/wp-content\/uploads\/2023\/01\/2023-01_ead2_mikado-768x134.jpg 768w, https:\/\/afan.fr\/blog\/wp-content\/uploads\/2023\/01\/2023-01_ead2_mikado.jpg 1200w\" sizes=\"auto, (max-width: 1024px) 100vw, 1024px\" \/><\/figure>\n\n\n\n<p>Les r\u00e9f\u00e9rences sont les suivantes :<br><\/p>\n\n\n\n<ul class=\"wp-block-list\"><li>NW 197 : EAD toit rouge, 3 feux, logo SNCF peint, XBD 4552 + XRAB 8334, Marseille, Ep.IV<\/li><li>NW 198 : EAD toit rouge, 3 feux, logo SNCF peint, XBD 4584 + XRAB 8375, Longueau, Ep.IV<\/li><li>NW 199 : EAD toit rouge, 3 feux, logo SNCF peint encadr\u00e9, XBD 4582 + XRAB 8373, Longueau, Ep.IV<\/li><li>NW 200 : EAD toit rouge, 3 feux, logo SNCF peint encadr\u00e9, XBD 4567 + XRAB 8531, Lyon-Vaise, Ep.IV<\/li><li>NW 201 : EAD toit rouge, 3 feux, logo SNCF \u00ab nouille \u00bb, XBD 4554 + XRAB 8542, Marseille, Ep.V<\/li><li>NW 202 : EAD toit rouge, 3 feux, logo SNCF \u00ab nouille \u00bb, XBD 4524 + XRAB 8534, Sotteville, Ep.V<\/li><\/ul>\n","protected":false},"excerpt":{"rendered":"<p>La deuxi\u00e8me s\u00e9rie des autorails EAD produite par Mikadotrain-REE est disponible. Il s&#8217;agit de versions plus r\u00e9centes \u00e9quip\u00e9es de cabines renforc\u00e9es et de feux doubles, voire triples. Les r\u00e9f\u00e9rences sont les suivantes : NW 197 : EAD toit rouge, 3 feux, logo SNCF peint, XBD 4552 + XRAB 8334, Marseille, Ep.IV NW 198 : EAD [&hellip;]<\/p>\n","protected":false},"author":1,"featured_media":0,"comment_status":"open","ping_status":"closed","sticky":false,"template":"","format":"standard","meta":{"_s2mail":"yes","footnotes":""},"categories":[1],"tags":[],"class_list":["post-4029","post","type-post","status-publish","format-standard","hentry","category-non-classe"],"_links":{"self":[{"href":"https:\/\/afan.fr\/blog\/index.php\/wp-json\/wp\/v2\/posts\/4029","targetHints":{"allow":["GET"]}}],"collection":[{"href":"https:\/\/afan.fr\/blog\/index.php\/wp-json\/wp\/v2\/posts"}],"about":[{"href":"https:\/\/afan.fr\/blog\/index.php\/wp-json\/wp\/v2\/types\/post"}],"author":[{"embeddable":true,"href":"https:\/\/afan.fr\/blog\/index.php\/wp-json\/wp\/v2\/users\/1"}],"replies":[{"embeddable":true,"href":"https:\/\/afan.fr\/blog\/index.php\/wp-json\/wp\/v2\/comments?post=4029"}],"version-history":[{"count":3,"href":"https:\/\/afan.fr\/blog\/index.php\/wp-json\/wp\/v2\/posts\/4029\/revisions"}],"predecessor-version":[{"id":4035,"href":"https:\/\/afan.fr\/blog\/index.php\/wp-json\/wp\/v2\/posts\/4029\/revisions\/4035"}],"wp:attachment":[{"href":"https:\/\/afan.fr\/blog\/index.php\/wp-json\/wp\/v2\/media?parent=4029"}],"wp:term":[{"taxonomy":"category","embeddable":true,"href":"https:\/\/afan.fr\/blog\/index.php\/wp-json\/wp\/v2\/categories?post=4029"},{"taxonomy":"post_tag","embeddable":true,"href":"https:\/\/afan.fr\/blog\/index.php\/wp-json\/wp\/v2\/tags?post=4029"}],"curies":[{"name":"wp","href":"https:\/\/api.w.org\/{rel}","templated":true}]}}