{"id":3549,"date":"2022-01-28T15:49:30","date_gmt":"2022-01-28T14:49:30","guid":{"rendered":"http:\/\/afan.fr\/blog\/?p=3549"},"modified":"2022-01-28T15:49:30","modified_gmt":"2022-01-28T14:49:30","slug":"triste-nouvelle","status":"publish","type":"post","link":"https:\/\/afan.fr\/blog\/index.php\/2022\/01\/28\/triste-nouvelle\/","title":{"rendered":"Triste nouvelle"},"content":{"rendered":"\n<p>Un\nacteur majeur de la d\u00e9fense de l\u2019\u00e9chelle N vient de nous quitter&nbsp;!<\/p>\n\n\n\n<p class=\"has-text-color has-pale-pink-color\"><strong>Andr\u00e9 PINAT<\/strong> est d\u00e9c\u00e9d\u00e9 cette nuit.<\/p>\n\n\n\n<p>L&#8217;AMFC, le Club d&#8217;Orl\u00e9ans qu&#8217;il pr\u00e9sida longuement, nous a annonc\u00e9 la mauvaise nouvelle.<br>Infatigable, toujours pr\u00eat pour aller \u00e0 la rencontre de visiteurs lors d\u2019expositions avec ses r\u00e9seaux successifs, il aura beaucoup fait pour la promotion de notre hobby.<br>Il \u00e9tait un v\u00e9ritable ami, c\u2019est une tr\u00e8s grande perte pour nous tous.<br>Adieu Andr\u00e9&#8230;<\/p>\n\n\n\n<p>A\nson \u00e9pouse Monique et \u00e0 sa famille, nous pr\u00e9sentons toutes nos condol\u00e9ances\nattrist\u00e9es.<\/p>\n\n\n\n<p style=\"text-align:right\">Le Bureau de l\u2019AFAN<\/p>\n\n\n\n<figure class=\"wp-block-image\"><img loading=\"lazy\" decoding=\"async\" width=\"900\" height=\"581\" src=\"http:\/\/afan.fr\/blog\/wp-content\/uploads\/2022\/01\/Mondial-2010-003.jpg\" alt=\"\" class=\"wp-image-3551\" srcset=\"https:\/\/afan.fr\/blog\/wp-content\/uploads\/2022\/01\/Mondial-2010-003.jpg 900w, https:\/\/afan.fr\/blog\/wp-content\/uploads\/2022\/01\/Mondial-2010-003-300x194.jpg 300w, https:\/\/afan.fr\/blog\/wp-content\/uploads\/2022\/01\/Mondial-2010-003-768x496.jpg 768w\" sizes=\"auto, (max-width: 900px) 100vw, 900px\" \/><figcaption>OLYMPUS DIGITAL CAMERA<\/figcaption><\/figure>\n\n\n\n<figure class=\"wp-block-image\"><img loading=\"lazy\" decoding=\"async\" width=\"1024\" height=\"520\" src=\"http:\/\/afan.fr\/blog\/wp-content\/uploads\/2022\/01\/salonmod__127-1024x520.jpg\" alt=\"\" class=\"wp-image-3552\" srcset=\"https:\/\/afan.fr\/blog\/wp-content\/uploads\/2022\/01\/salonmod__127-1024x520.jpg 1024w, https:\/\/afan.fr\/blog\/wp-content\/uploads\/2022\/01\/salonmod__127-300x152.jpg 300w, https:\/\/afan.fr\/blog\/wp-content\/uploads\/2022\/01\/salonmod__127-768x390.jpg 768w, https:\/\/afan.fr\/blog\/wp-content\/uploads\/2022\/01\/salonmod__127.jpg 1200w\" sizes=\"auto, (max-width: 1024px) 100vw, 1024px\" \/><\/figure>\n","protected":false},"excerpt":{"rendered":"<p>Un acteur majeur de la d\u00e9fense de l\u2019\u00e9chelle N vient de nous quitter&nbsp;! Andr\u00e9 PINAT est d\u00e9c\u00e9d\u00e9 cette nuit. L&#8217;AMFC, le Club d&#8217;Orl\u00e9ans qu&#8217;il pr\u00e9sida longuement, nous a annonc\u00e9 la mauvaise nouvelle.Infatigable, toujours pr\u00eat pour aller \u00e0 la rencontre de visiteurs lors d\u2019expositions avec ses r\u00e9seaux successifs, il aura beaucoup fait pour la promotion de [&hellip;]<\/p>\n","protected":false},"author":1,"featured_media":0,"comment_status":"open","ping_status":"closed","sticky":false,"template":"","format":"standard","meta":{"_s2mail":"yes","footnotes":""},"categories":[1],"tags":[],"class_list":["post-3549","post","type-post","status-publish","format-standard","hentry","category-non-classe"],"_links":{"self":[{"href":"https:\/\/afan.fr\/blog\/index.php\/wp-json\/wp\/v2\/posts\/3549","targetHints":{"allow":["GET"]}}],"collection":[{"href":"https:\/\/afan.fr\/blog\/index.php\/wp-json\/wp\/v2\/posts"}],"about":[{"href":"https:\/\/afan.fr\/blog\/index.php\/wp-json\/wp\/v2\/types\/post"}],"author":[{"embeddable":true,"href":"https:\/\/afan.fr\/blog\/index.php\/wp-json\/wp\/v2\/users\/1"}],"replies":[{"embeddable":true,"href":"https:\/\/afan.fr\/blog\/index.php\/wp-json\/wp\/v2\/comments?post=3549"}],"version-history":[{"count":3,"href":"https:\/\/afan.fr\/blog\/index.php\/wp-json\/wp\/v2\/posts\/3549\/revisions"}],"predecessor-version":[{"id":3554,"href":"https:\/\/afan.fr\/blog\/index.php\/wp-json\/wp\/v2\/posts\/3549\/revisions\/3554"}],"wp:attachment":[{"href":"https:\/\/afan.fr\/blog\/index.php\/wp-json\/wp\/v2\/media?parent=3549"}],"wp:term":[{"taxonomy":"category","embeddable":true,"href":"https:\/\/afan.fr\/blog\/index.php\/wp-json\/wp\/v2\/categories?post=3549"},{"taxonomy":"post_tag","embeddable":true,"href":"https:\/\/afan.fr\/blog\/index.php\/wp-json\/wp\/v2\/tags?post=3549"}],"curies":[{"name":"wp","href":"https:\/\/api.w.org\/{rel}","templated":true}]}}