{"id":3268,"date":"2021-07-28T09:07:14","date_gmt":"2021-07-28T08:07:14","guid":{"rendered":"http:\/\/afan.fr\/blog\/?p=3268"},"modified":"2021-07-28T09:07:14","modified_gmt":"2021-07-28T08:07:14","slug":"gillkit-040-ta-242-ta-b-et-rame-beaujolais","status":"publish","type":"post","link":"https:\/\/afan.fr\/blog\/index.php\/2021\/07\/28\/gillkit-040-ta-242-ta-b-et-rame-beaujolais\/","title":{"rendered":"Gillkit &#8211; 040 TA, 242 TA\/B et rame &#8220;Beaujolais&#8221;"},"content":{"rendered":"\n<p>Gil Fafournoux livre actuellement les kits qu&#8217;il avait mis en sosucription au mois de juin, \u00e0 savoir :<br><strong>&#8211; 040 TA ex Ouest<\/strong><\/p>\n\n\n\n<figure class=\"wp-block-image\"><img loading=\"lazy\" decoding=\"async\" width=\"900\" height=\"596\" src=\"http:\/\/afan.fr\/blog\/wp-content\/uploads\/2021\/06\/040-TA-Gillkit.jpg\" alt=\"\" class=\"wp-image-3233\" srcset=\"https:\/\/afan.fr\/blog\/wp-content\/uploads\/2021\/06\/040-TA-Gillkit.jpg 900w, https:\/\/afan.fr\/blog\/wp-content\/uploads\/2021\/06\/040-TA-Gillkit-300x199.jpg 300w, https:\/\/afan.fr\/blog\/wp-content\/uploads\/2021\/06\/040-TA-Gillkit-768x509.jpg 768w\" sizes=\"auto, (max-width: 900px) 100vw, 900px\" \/><\/figure>\n\n\n\n<p><strong>&#8211; 242 TA ou TB ex PLM<\/strong><\/p>\n\n\n\n<figure class=\"wp-block-image\"><img loading=\"lazy\" decoding=\"async\" width=\"1000\" height=\"559\" src=\"http:\/\/afan.fr\/blog\/wp-content\/uploads\/2021\/05\/242-TC.jpg\" alt=\"\" class=\"wp-image-3221\" srcset=\"https:\/\/afan.fr\/blog\/wp-content\/uploads\/2021\/05\/242-TC.jpg 1000w, https:\/\/afan.fr\/blog\/wp-content\/uploads\/2021\/05\/242-TC-300x168.jpg 300w, https:\/\/afan.fr\/blog\/wp-content\/uploads\/2021\/05\/242-TC-768x429.jpg 768w\" sizes=\"auto, (max-width: 1000px) 100vw, 1000px\" \/><\/figure>\n\n\n\n<p><strong>&#8211; Rame vapeur en voie m\u00e9trique du r\u00e9seau du Beaujolais, <\/strong>loco, voitures et fourgon.<br>Il s&#8217;agit de kits int\u00e9gralement m\u00e9talliques qu&#8217;il faut installer sur des ch\u00e2ssis du commerce \u00e0 acqu\u00e9rir s\u00e9par\u00e9ment.<br><br><\/p>\n","protected":false},"excerpt":{"rendered":"<p>Gil Fafournoux livre actuellement les kits qu&#8217;il avait mis en sosucription au mois de juin, \u00e0 savoir :&#8211; 040 TA ex Ouest &#8211; 242 TA ou TB ex PLM &#8211; Rame vapeur en voie m\u00e9trique du r\u00e9seau du Beaujolais, loco, voitures et fourgon.Il s&#8217;agit de kits int\u00e9gralement m\u00e9talliques qu&#8217;il faut installer sur des ch\u00e2ssis du [&hellip;]<\/p>\n","protected":false},"author":1,"featured_media":0,"comment_status":"open","ping_status":"closed","sticky":false,"template":"","format":"standard","meta":{"_s2mail":"yes","footnotes":""},"categories":[1],"tags":[],"class_list":["post-3268","post","type-post","status-publish","format-standard","hentry","category-non-classe"],"_links":{"self":[{"href":"https:\/\/afan.fr\/blog\/index.php\/wp-json\/wp\/v2\/posts\/3268","targetHints":{"allow":["GET"]}}],"collection":[{"href":"https:\/\/afan.fr\/blog\/index.php\/wp-json\/wp\/v2\/posts"}],"about":[{"href":"https:\/\/afan.fr\/blog\/index.php\/wp-json\/wp\/v2\/types\/post"}],"author":[{"embeddable":true,"href":"https:\/\/afan.fr\/blog\/index.php\/wp-json\/wp\/v2\/users\/1"}],"replies":[{"embeddable":true,"href":"https:\/\/afan.fr\/blog\/index.php\/wp-json\/wp\/v2\/comments?post=3268"}],"version-history":[{"count":2,"href":"https:\/\/afan.fr\/blog\/index.php\/wp-json\/wp\/v2\/posts\/3268\/revisions"}],"predecessor-version":[{"id":3270,"href":"https:\/\/afan.fr\/blog\/index.php\/wp-json\/wp\/v2\/posts\/3268\/revisions\/3270"}],"wp:attachment":[{"href":"https:\/\/afan.fr\/blog\/index.php\/wp-json\/wp\/v2\/media?parent=3268"}],"wp:term":[{"taxonomy":"category","embeddable":true,"href":"https:\/\/afan.fr\/blog\/index.php\/wp-json\/wp\/v2\/categories?post=3268"},{"taxonomy":"post_tag","embeddable":true,"href":"https:\/\/afan.fr\/blog\/index.php\/wp-json\/wp\/v2\/tags?post=3268"}],"curies":[{"name":"wp","href":"https:\/\/api.w.org\/{rel}","templated":true}]}}