{"id":3156,"date":"2021-04-17T14:48:35","date_gmt":"2021-04-17T13:48:35","guid":{"rendered":"http:\/\/afan.fr\/blog\/?p=3156"},"modified":"2021-04-17T14:48:35","modified_gmt":"2021-04-17T13:48:35","slug":"architecturepassion-la-gare-du-trayas","status":"publish","type":"post","link":"https:\/\/afan.fr\/blog\/index.php\/2021\/04\/17\/architecturepassion-la-gare-du-trayas\/","title":{"rendered":"Architecture&#038;Passion &#8211; La gare du Trayas"},"content":{"rendered":"\n<p>Architecture&amp;Passion vient de commercialiser sa reproduction de la gare de Le Trayas (ex PLM) situ\u00e9e sur la Corniche d&#8217;Or le long de la M\u00e9diterran\u00e9e. R\u00e9f. 1605080.<\/p>\n\n\n\n<figure class=\"wp-block-image\"><img loading=\"lazy\" decoding=\"async\" width=\"950\" height=\"455\" src=\"http:\/\/afan.fr\/blog\/wp-content\/uploads\/2021\/04\/2021-04_trayas_ap.jpg\" alt=\"\" class=\"wp-image-3157\" srcset=\"https:\/\/afan.fr\/blog\/wp-content\/uploads\/2021\/04\/2021-04_trayas_ap.jpg 950w, https:\/\/afan.fr\/blog\/wp-content\/uploads\/2021\/04\/2021-04_trayas_ap-300x144.jpg 300w, https:\/\/afan.fr\/blog\/wp-content\/uploads\/2021\/04\/2021-04_trayas_ap-768x368.jpg 768w\" sizes=\"auto, (max-width: 950px) 100vw, 950px\" \/><\/figure>\n","protected":false},"excerpt":{"rendered":"<p>Architecture&amp;Passion vient de commercialiser sa reproduction de la gare de Le Trayas (ex PLM) situ\u00e9e sur la Corniche d&#8217;Or le long de la M\u00e9diterran\u00e9e. R\u00e9f. 1605080.<\/p>\n","protected":false},"author":1,"featured_media":0,"comment_status":"open","ping_status":"closed","sticky":false,"template":"","format":"standard","meta":{"_s2mail":"yes","footnotes":""},"categories":[1],"tags":[],"class_list":["post-3156","post","type-post","status-publish","format-standard","hentry","category-non-classe"],"_links":{"self":[{"href":"https:\/\/afan.fr\/blog\/index.php\/wp-json\/wp\/v2\/posts\/3156","targetHints":{"allow":["GET"]}}],"collection":[{"href":"https:\/\/afan.fr\/blog\/index.php\/wp-json\/wp\/v2\/posts"}],"about":[{"href":"https:\/\/afan.fr\/blog\/index.php\/wp-json\/wp\/v2\/types\/post"}],"author":[{"embeddable":true,"href":"https:\/\/afan.fr\/blog\/index.php\/wp-json\/wp\/v2\/users\/1"}],"replies":[{"embeddable":true,"href":"https:\/\/afan.fr\/blog\/index.php\/wp-json\/wp\/v2\/comments?post=3156"}],"version-history":[{"count":1,"href":"https:\/\/afan.fr\/blog\/index.php\/wp-json\/wp\/v2\/posts\/3156\/revisions"}],"predecessor-version":[{"id":3158,"href":"https:\/\/afan.fr\/blog\/index.php\/wp-json\/wp\/v2\/posts\/3156\/revisions\/3158"}],"wp:attachment":[{"href":"https:\/\/afan.fr\/blog\/index.php\/wp-json\/wp\/v2\/media?parent=3156"}],"wp:term":[{"taxonomy":"category","embeddable":true,"href":"https:\/\/afan.fr\/blog\/index.php\/wp-json\/wp\/v2\/categories?post=3156"},{"taxonomy":"post_tag","embeddable":true,"href":"https:\/\/afan.fr\/blog\/index.php\/wp-json\/wp\/v2\/tags?post=3156"}],"curies":[{"name":"wp","href":"https:\/\/api.w.org\/{rel}","templated":true}]}}