{"id":2977,"date":"2020-11-09T10:58:39","date_gmt":"2020-11-09T09:58:39","guid":{"rendered":"http:\/\/afan.fr\/blog\/?p=2977"},"modified":"2020-11-09T10:58:39","modified_gmt":"2020-11-09T09:58:39","slug":"tj-modeles-des-cadres-ocem-et-dev","status":"publish","type":"post","link":"https:\/\/afan.fr\/blog\/index.php\/2020\/11\/09\/tj-modeles-des-cadres-ocem-et-dev\/","title":{"rendered":"TJ-Mod\u00e8les &#8211; Des cadres OCEM et DEV"},"content":{"rendered":"\n<p>TJ-Mod\u00e8les compl\u00e8te sa gamme de cadres SNCF (impression 3D) avec cette fois les r\u00e9f\u00e9rences suivantes :<br><strong>Cadres OCEM type 1950<\/strong><br>TJ-2503 : Cadre OCEM a2 52<br> TJ-2504 : Cadre OCEM a2 72 &#8211; version 1<br> TJ-2505 : Cadre OCEM a2 72 &#8211; version 2<br> TJ-2506 : Cadre OCEM a2 72 &#8211; Version 3<br> TJ-2507 : Cadre OCEM b 72<\/p>\n\n\n\n<figure class=\"wp-block-image\"><img loading=\"lazy\" decoding=\"async\" width=\"1024\" height=\"186\" src=\"http:\/\/afan.fr\/blog\/wp-content\/uploads\/2020\/11\/2020-11_contocem50_tjm-1024x186.jpg\" alt=\"\" class=\"wp-image-2978\" srcset=\"https:\/\/afan.fr\/blog\/wp-content\/uploads\/2020\/11\/2020-11_contocem50_tjm-1024x186.jpg 1024w, https:\/\/afan.fr\/blog\/wp-content\/uploads\/2020\/11\/2020-11_contocem50_tjm-300x55.jpg 300w, https:\/\/afan.fr\/blog\/wp-content\/uploads\/2020\/11\/2020-11_contocem50_tjm-768x140.jpg 768w, https:\/\/afan.fr\/blog\/wp-content\/uploads\/2020\/11\/2020-11_contocem50_tjm.jpg 1200w\" sizes=\"auto, (max-width: 1024px) 100vw, 1024px\" \/><\/figure>\n\n\n\n<p><strong>Cadres DEV<\/strong><br> TJ-2508 : Container DEV abl 32. Futur conteneur C3 de la CNC<br> TJ-2509 : container DEV a2 52. Futur conteneur C9 de la CNC<br> TJ-2510 : Container DEV a2 72. Futur conteneur C13 de la CNC<\/p>\n\n\n\n<figure class=\"wp-block-image\"><img loading=\"lazy\" decoding=\"async\" width=\"900\" height=\"283\" src=\"http:\/\/afan.fr\/blog\/wp-content\/uploads\/2020\/11\/2020-11_contdev_tjm.jpg\" alt=\"\" class=\"wp-image-2979\" srcset=\"https:\/\/afan.fr\/blog\/wp-content\/uploads\/2020\/11\/2020-11_contdev_tjm.jpg 900w, https:\/\/afan.fr\/blog\/wp-content\/uploads\/2020\/11\/2020-11_contdev_tjm-300x94.jpg 300w, https:\/\/afan.fr\/blog\/wp-content\/uploads\/2020\/11\/2020-11_contdev_tjm-768x241.jpg 768w\" sizes=\"auto, (max-width: 900px) 100vw, 900px\" \/><\/figure>\n","protected":false},"excerpt":{"rendered":"<p>TJ-Mod\u00e8les compl\u00e8te sa gamme de cadres SNCF (impression 3D) avec cette fois les r\u00e9f\u00e9rences suivantes :Cadres OCEM type 1950TJ-2503 : Cadre OCEM a2 52 TJ-2504 : Cadre OCEM a2 72 &#8211; version 1 TJ-2505 : Cadre OCEM a2 72 &#8211; version 2 TJ-2506 : Cadre OCEM a2 72 &#8211; Version 3 TJ-2507 : Cadre OCEM [&hellip;]<\/p>\n","protected":false},"author":1,"featured_media":0,"comment_status":"open","ping_status":"closed","sticky":false,"template":"","format":"standard","meta":{"_s2mail":"yes","footnotes":""},"categories":[1],"tags":[],"class_list":["post-2977","post","type-post","status-publish","format-standard","hentry","category-non-classe"],"_links":{"self":[{"href":"https:\/\/afan.fr\/blog\/index.php\/wp-json\/wp\/v2\/posts\/2977","targetHints":{"allow":["GET"]}}],"collection":[{"href":"https:\/\/afan.fr\/blog\/index.php\/wp-json\/wp\/v2\/posts"}],"about":[{"href":"https:\/\/afan.fr\/blog\/index.php\/wp-json\/wp\/v2\/types\/post"}],"author":[{"embeddable":true,"href":"https:\/\/afan.fr\/blog\/index.php\/wp-json\/wp\/v2\/users\/1"}],"replies":[{"embeddable":true,"href":"https:\/\/afan.fr\/blog\/index.php\/wp-json\/wp\/v2\/comments?post=2977"}],"version-history":[{"count":2,"href":"https:\/\/afan.fr\/blog\/index.php\/wp-json\/wp\/v2\/posts\/2977\/revisions"}],"predecessor-version":[{"id":2981,"href":"https:\/\/afan.fr\/blog\/index.php\/wp-json\/wp\/v2\/posts\/2977\/revisions\/2981"}],"wp:attachment":[{"href":"https:\/\/afan.fr\/blog\/index.php\/wp-json\/wp\/v2\/media?parent=2977"}],"wp:term":[{"taxonomy":"category","embeddable":true,"href":"https:\/\/afan.fr\/blog\/index.php\/wp-json\/wp\/v2\/categories?post=2977"},{"taxonomy":"post_tag","embeddable":true,"href":"https:\/\/afan.fr\/blog\/index.php\/wp-json\/wp\/v2\/tags?post=2977"}],"curies":[{"name":"wp","href":"https:\/\/api.w.org\/{rel}","templated":true}]}}