{"id":2940,"date":"2020-10-22T18:55:06","date_gmt":"2020-10-22T17:55:06","guid":{"rendered":"http:\/\/afan.fr\/blog\/?p=2940"},"modified":"2020-10-24T14:15:19","modified_gmt":"2020-10-24T13:15:19","slug":"mikadotrain-ree-les-rgp-serie-2","status":"publish","type":"post","link":"https:\/\/afan.fr\/blog\/index.php\/2020\/10\/22\/mikadotrain-ree-les-rgp-serie-2\/","title":{"rendered":"Mikadotrain-REE &#8211; Les RGP s\u00e9rie 2"},"content":{"rendered":"\n<p>Mikadotrain-REE vient de commercialiser sa deuxi\u00e8me s\u00e9rie de RGP avec cette fois les d\u00e9corations genre RGP de ces engins. Sont ainsi disponibles :<\/p>\n\n\n\n<p>&#8211; NW-162 &#8211; RGP 1 rouge TEE 2 phares avec fanaux d\u2019angle, Ep.III  X-2776 + Remorque XR- 7776 Noisy <\/p>\n\n\n\n<p>&#8211; NW-163 &#8211; RGP 1 rouge SNCF 2 phares avec fanaux d\u2019angle, Ep.III X-2779 + Remorque XR-7779 Lyon-Vaise<\/p>\n\n\n\n<figure class=\"wp-block-image\"><img loading=\"lazy\" decoding=\"async\" width=\"1024\" height=\"301\" src=\"http:\/\/afan.fr\/blog\/wp-content\/uploads\/2020\/10\/2020-10_rtg163_reem-1024x301.jpg\" alt=\"\" class=\"wp-image-2941\" srcset=\"https:\/\/afan.fr\/blog\/wp-content\/uploads\/2020\/10\/2020-10_rtg163_reem-1024x301.jpg 1024w, https:\/\/afan.fr\/blog\/wp-content\/uploads\/2020\/10\/2020-10_rtg163_reem-300x88.jpg 300w, https:\/\/afan.fr\/blog\/wp-content\/uploads\/2020\/10\/2020-10_rtg163_reem-768x226.jpg 768w, https:\/\/afan.fr\/blog\/wp-content\/uploads\/2020\/10\/2020-10_rtg163_reem.jpg 1300w\" sizes=\"auto, (max-width: 1024px) 100vw, 1024px\" \/><\/figure>\n\n\n\n<p>&#8211; NW-164 &#8211; RGP 1 orange et gris m\u00e9tallis\u00e9, Ep.IV XBD-2726 + Remorque XRABx -7728 Metz-Sablons<\/p>\n\n\n\n<figure class=\"wp-block-image\"><img loading=\"lazy\" decoding=\"async\" width=\"1024\" height=\"171\" src=\"http:\/\/afan.fr\/blog\/wp-content\/uploads\/2020\/10\/2020-10_rtg164_reem-1024x171.jpg\" alt=\"\" class=\"wp-image-2948\" srcset=\"https:\/\/afan.fr\/blog\/wp-content\/uploads\/2020\/10\/2020-10_rtg164_reem-1024x171.jpg 1024w, https:\/\/afan.fr\/blog\/wp-content\/uploads\/2020\/10\/2020-10_rtg164_reem-300x50.jpg 300w, https:\/\/afan.fr\/blog\/wp-content\/uploads\/2020\/10\/2020-10_rtg164_reem-768x128.jpg 768w, https:\/\/afan.fr\/blog\/wp-content\/uploads\/2020\/10\/2020-10_rtg164_reem.jpg 1300w\" sizes=\"auto, (max-width: 1024px) 100vw, 1024px\" \/><\/figure>\n\n\n\n<p>&#8211; NW-165 &#8211; RGP 1 orange et gris b\u00e9ton, Ep.IV-V XBD-2737 + Remorque XRABx-7721 Lyon-Vaise<\/p>\n\n\n\n<figure class=\"wp-block-image\"><img loading=\"lazy\" decoding=\"async\" width=\"1024\" height=\"300\" src=\"http:\/\/afan.fr\/blog\/wp-content\/uploads\/2020\/10\/2020-10_rtg165_reem-1024x300.jpg\" alt=\"\" class=\"wp-image-2942\" srcset=\"https:\/\/afan.fr\/blog\/wp-content\/uploads\/2020\/10\/2020-10_rtg165_reem-1024x300.jpg 1024w, https:\/\/afan.fr\/blog\/wp-content\/uploads\/2020\/10\/2020-10_rtg165_reem-300x88.jpg 300w, https:\/\/afan.fr\/blog\/wp-content\/uploads\/2020\/10\/2020-10_rtg165_reem-768x225.jpg 768w, https:\/\/afan.fr\/blog\/wp-content\/uploads\/2020\/10\/2020-10_rtg165_reem.jpg 1300w\" sizes=\"auto, (max-width: 1024px) 100vw, 1024px\" \/><\/figure>\n\n\n\n<p>&#8211; NW-166 &#8211; RGP 1 orange et gris b\u00e9ton ALPAZUR, Ep.IV-V XBD 2729 + Remorque XRABx-7729 Lyon-Vaise.<\/p>\n\n\n\n<figure class=\"wp-block-image\"><img loading=\"lazy\" decoding=\"async\" width=\"1024\" height=\"300\" src=\"http:\/\/afan.fr\/blog\/wp-content\/uploads\/2020\/10\/2020-10_rtg166_reem-1024x300.jpg\" alt=\"\" class=\"wp-image-2943\" srcset=\"https:\/\/afan.fr\/blog\/wp-content\/uploads\/2020\/10\/2020-10_rtg166_reem-1024x300.jpg 1024w, https:\/\/afan.fr\/blog\/wp-content\/uploads\/2020\/10\/2020-10_rtg166_reem-300x88.jpg 300w, https:\/\/afan.fr\/blog\/wp-content\/uploads\/2020\/10\/2020-10_rtg166_reem-768x225.jpg 768w, https:\/\/afan.fr\/blog\/wp-content\/uploads\/2020\/10\/2020-10_rtg166_reem.jpg 1300w\" sizes=\"auto, (max-width: 1024px) 100vw, 1024px\" \/><\/figure>\n","protected":false},"excerpt":{"rendered":"<p>Mikadotrain-REE vient de commercialiser sa deuxi\u00e8me s\u00e9rie de RGP avec cette fois les d\u00e9corations genre RGP de ces engins. Sont ainsi disponibles : &#8211; NW-162 &#8211; RGP 1 rouge TEE 2 phares avec fanaux d\u2019angle, Ep.III X-2776 + Remorque XR- 7776 Noisy &#8211; NW-163 &#8211; RGP 1 rouge SNCF 2 phares avec fanaux d\u2019angle, Ep.III [&hellip;]<\/p>\n","protected":false},"author":1,"featured_media":0,"comment_status":"open","ping_status":"closed","sticky":false,"template":"","format":"standard","meta":{"_s2mail":"yes","footnotes":""},"categories":[1],"tags":[],"class_list":["post-2940","post","type-post","status-publish","format-standard","hentry","category-non-classe"],"_links":{"self":[{"href":"https:\/\/afan.fr\/blog\/index.php\/wp-json\/wp\/v2\/posts\/2940","targetHints":{"allow":["GET"]}}],"collection":[{"href":"https:\/\/afan.fr\/blog\/index.php\/wp-json\/wp\/v2\/posts"}],"about":[{"href":"https:\/\/afan.fr\/blog\/index.php\/wp-json\/wp\/v2\/types\/post"}],"author":[{"embeddable":true,"href":"https:\/\/afan.fr\/blog\/index.php\/wp-json\/wp\/v2\/users\/1"}],"replies":[{"embeddable":true,"href":"https:\/\/afan.fr\/blog\/index.php\/wp-json\/wp\/v2\/comments?post=2940"}],"version-history":[{"count":2,"href":"https:\/\/afan.fr\/blog\/index.php\/wp-json\/wp\/v2\/posts\/2940\/revisions"}],"predecessor-version":[{"id":2949,"href":"https:\/\/afan.fr\/blog\/index.php\/wp-json\/wp\/v2\/posts\/2940\/revisions\/2949"}],"wp:attachment":[{"href":"https:\/\/afan.fr\/blog\/index.php\/wp-json\/wp\/v2\/media?parent=2940"}],"wp:term":[{"taxonomy":"category","embeddable":true,"href":"https:\/\/afan.fr\/blog\/index.php\/wp-json\/wp\/v2\/categories?post=2940"},{"taxonomy":"post_tag","embeddable":true,"href":"https:\/\/afan.fr\/blog\/index.php\/wp-json\/wp\/v2\/tags?post=2940"}],"curies":[{"name":"wp","href":"https:\/\/api.w.org\/{rel}","templated":true}]}}