{"id":2931,"date":"2020-10-19T08:23:21","date_gmt":"2020-10-19T07:23:21","guid":{"rendered":"http:\/\/afan.fr\/blog\/?p=2931"},"modified":"2020-10-19T08:23:21","modified_gmt":"2020-10-19T07:23:21","slug":"tj-modeles-des-cadres-ocem-et-un-monument-aux-morts","status":"publish","type":"post","link":"https:\/\/afan.fr\/blog\/index.php\/2020\/10\/19\/tj-modeles-des-cadres-ocem-et-un-monument-aux-morts\/","title":{"rendered":"TJ-Mod\u00e8les &#8211; Des cadres OCEM et un monument aux morts"},"content":{"rendered":"\n<p>TJ-Mod\u00e8les annonce la disponibilit\u00e9 de cadres de type OCEM 1936 \u00e0 charger (apr\u00e8s d\u00e9coration) sur wagons plats ou \u00e0 poser dans la partie marchandises de votre gare :<br>&#8211; TJ-2500 : Cadre OCEM a2 52 type 1936<\/p>\n\n\n\n<figure class=\"wp-block-image\"><img loading=\"lazy\" decoding=\"async\" width=\"600\" height=\"417\" src=\"http:\/\/afan.fr\/blog\/wp-content\/uploads\/2020\/10\/2020-10_tj-2500.jpg\" alt=\"\" class=\"wp-image-2932\" srcset=\"https:\/\/afan.fr\/blog\/wp-content\/uploads\/2020\/10\/2020-10_tj-2500.jpg 600w, https:\/\/afan.fr\/blog\/wp-content\/uploads\/2020\/10\/2020-10_tj-2500-300x209.jpg 300w\" sizes=\"auto, (max-width: 600px) 100vw, 600px\" \/><\/figure>\n\n\n\n<p>&#8211; TJ-2501 : Cadre OCEM a2b 75 type 1936<\/p>\n\n\n\n<figure class=\"wp-block-image\"><img loading=\"lazy\" decoding=\"async\" width=\"600\" height=\"534\" src=\"http:\/\/afan.fr\/blog\/wp-content\/uploads\/2020\/10\/2020-10_tj-2501.jpg\" alt=\"\" class=\"wp-image-2933\" srcset=\"https:\/\/afan.fr\/blog\/wp-content\/uploads\/2020\/10\/2020-10_tj-2501.jpg 600w, https:\/\/afan.fr\/blog\/wp-content\/uploads\/2020\/10\/2020-10_tj-2501-300x267.jpg 300w\" sizes=\"auto, (max-width: 600px) 100vw, 600px\" \/><\/figure>\n\n\n\n<p>&#8211; TJ-2502 : Cadre OCEM a2b102 type 1936<\/p>\n\n\n\n<figure class=\"wp-block-image\"><img loading=\"lazy\" decoding=\"async\" width=\"600\" height=\"482\" src=\"http:\/\/afan.fr\/blog\/wp-content\/uploads\/2020\/10\/2020-10_tj-2502.jpg\" alt=\"\" class=\"wp-image-2934\" srcset=\"https:\/\/afan.fr\/blog\/wp-content\/uploads\/2020\/10\/2020-10_tj-2502.jpg 600w, https:\/\/afan.fr\/blog\/wp-content\/uploads\/2020\/10\/2020-10_tj-2502-300x241.jpg 300w\" sizes=\"auto, (max-width: 600px) 100vw, 600px\" \/><\/figure>\n\n\n\n<p>Dans un tout autre domaine voici un monument aux morts, R\u00e9f. TJ-1192<\/p>\n\n\n\n<figure class=\"wp-block-image\"><img loading=\"lazy\" decoding=\"async\" width=\"343\" height=\"450\" src=\"http:\/\/afan.fr\/blog\/wp-content\/uploads\/2020\/10\/2020-10_tj-1192.jpg\" alt=\"\" class=\"wp-image-2935\" srcset=\"https:\/\/afan.fr\/blog\/wp-content\/uploads\/2020\/10\/2020-10_tj-1192.jpg 343w, https:\/\/afan.fr\/blog\/wp-content\/uploads\/2020\/10\/2020-10_tj-1192-229x300.jpg 229w\" sizes=\"auto, (max-width: 343px) 100vw, 343px\" \/><\/figure>\n","protected":false},"excerpt":{"rendered":"<p>TJ-Mod\u00e8les annonce la disponibilit\u00e9 de cadres de type OCEM 1936 \u00e0 charger (apr\u00e8s d\u00e9coration) sur wagons plats ou \u00e0 poser dans la partie marchandises de votre gare :&#8211; TJ-2500 : Cadre OCEM a2 52 type 1936 &#8211; TJ-2501 : Cadre OCEM a2b 75 type 1936 &#8211; TJ-2502 : Cadre OCEM a2b102 type 1936 Dans un [&hellip;]<\/p>\n","protected":false},"author":1,"featured_media":0,"comment_status":"open","ping_status":"closed","sticky":false,"template":"","format":"standard","meta":{"_s2mail":"yes","footnotes":""},"categories":[1],"tags":[],"class_list":["post-2931","post","type-post","status-publish","format-standard","hentry","category-non-classe"],"_links":{"self":[{"href":"https:\/\/afan.fr\/blog\/index.php\/wp-json\/wp\/v2\/posts\/2931","targetHints":{"allow":["GET"]}}],"collection":[{"href":"https:\/\/afan.fr\/blog\/index.php\/wp-json\/wp\/v2\/posts"}],"about":[{"href":"https:\/\/afan.fr\/blog\/index.php\/wp-json\/wp\/v2\/types\/post"}],"author":[{"embeddable":true,"href":"https:\/\/afan.fr\/blog\/index.php\/wp-json\/wp\/v2\/users\/1"}],"replies":[{"embeddable":true,"href":"https:\/\/afan.fr\/blog\/index.php\/wp-json\/wp\/v2\/comments?post=2931"}],"version-history":[{"count":1,"href":"https:\/\/afan.fr\/blog\/index.php\/wp-json\/wp\/v2\/posts\/2931\/revisions"}],"predecessor-version":[{"id":2936,"href":"https:\/\/afan.fr\/blog\/index.php\/wp-json\/wp\/v2\/posts\/2931\/revisions\/2936"}],"wp:attachment":[{"href":"https:\/\/afan.fr\/blog\/index.php\/wp-json\/wp\/v2\/media?parent=2931"}],"wp:term":[{"taxonomy":"category","embeddable":true,"href":"https:\/\/afan.fr\/blog\/index.php\/wp-json\/wp\/v2\/categories?post=2931"},{"taxonomy":"post_tag","embeddable":true,"href":"https:\/\/afan.fr\/blog\/index.php\/wp-json\/wp\/v2\/tags?post=2931"}],"curies":[{"name":"wp","href":"https:\/\/api.w.org\/{rel}","templated":true}]}}