{"id":2917,"date":"2020-10-15T08:01:08","date_gmt":"2020-10-15T07:01:08","guid":{"rendered":"http:\/\/afan.fr\/blog\/?p=2917"},"modified":"2020-10-15T08:01:08","modified_gmt":"2020-10-15T07:01:08","slug":"cites-miniatures-nouveau-batment","status":"publish","type":"post","link":"https:\/\/afan.fr\/blog\/index.php\/2020\/10\/15\/cites-miniatures-nouveau-batment\/","title":{"rendered":"Cit\u00e9s Miniatures &#8211; Nouveau b\u00e2tment"},"content":{"rendered":"\n<p>Cit\u00e9s Miniatures annonce la disponibilit\u00e9 d&#8217;un kit de b\u00e2timent \u00e0 2 \u00e9tages avec la possibilit\u00e9 de placer un commerce en rez de chauss\u00e9e. R\u00e9f. BV-0106N-N<\/p>\n\n\n\n<figure class=\"wp-block-image\"><img loading=\"lazy\" decoding=\"async\" width=\"900\" height=\"720\" src=\"http:\/\/afan.fr\/blog\/wp-content\/uploads\/2020\/10\/2020-10_bat_cm.jpg\" alt=\"\" class=\"wp-image-2918\" srcset=\"https:\/\/afan.fr\/blog\/wp-content\/uploads\/2020\/10\/2020-10_bat_cm.jpg 900w, https:\/\/afan.fr\/blog\/wp-content\/uploads\/2020\/10\/2020-10_bat_cm-300x240.jpg 300w, https:\/\/afan.fr\/blog\/wp-content\/uploads\/2020\/10\/2020-10_bat_cm-768x614.jpg 768w\" sizes=\"auto, (max-width: 900px) 100vw, 900px\" \/><\/figure>\n\n\n\n<p>Notons \u00e9galement l&#8217;apparition du logo &#8220;Calberson&#8221; pouvant \u00eatre appos\u00e9 sur un entrep\u00f4t. R\u00e9f. ED-043-N<\/p>\n\n\n\n<figure class=\"wp-block-image\"><img loading=\"lazy\" decoding=\"async\" width=\"800\" height=\"192\" src=\"http:\/\/afan.fr\/blog\/wp-content\/uploads\/2020\/10\/2020-10_calberson_cm.jpg\" alt=\"\" class=\"wp-image-2919\" srcset=\"https:\/\/afan.fr\/blog\/wp-content\/uploads\/2020\/10\/2020-10_calberson_cm.jpg 800w, https:\/\/afan.fr\/blog\/wp-content\/uploads\/2020\/10\/2020-10_calberson_cm-300x72.jpg 300w, https:\/\/afan.fr\/blog\/wp-content\/uploads\/2020\/10\/2020-10_calberson_cm-768x184.jpg 768w\" sizes=\"auto, (max-width: 800px) 100vw, 800px\" \/><\/figure>\n","protected":false},"excerpt":{"rendered":"<p>Cit\u00e9s Miniatures annonce la disponibilit\u00e9 d&#8217;un kit de b\u00e2timent \u00e0 2 \u00e9tages avec la possibilit\u00e9 de placer un commerce en rez de chauss\u00e9e. R\u00e9f. BV-0106N-N Notons \u00e9galement l&#8217;apparition du logo &#8220;Calberson&#8221; pouvant \u00eatre appos\u00e9 sur un entrep\u00f4t. R\u00e9f. ED-043-N<\/p>\n","protected":false},"author":1,"featured_media":0,"comment_status":"open","ping_status":"closed","sticky":false,"template":"","format":"standard","meta":{"_s2mail":"yes","footnotes":""},"categories":[1],"tags":[],"class_list":["post-2917","post","type-post","status-publish","format-standard","hentry","category-non-classe"],"_links":{"self":[{"href":"https:\/\/afan.fr\/blog\/index.php\/wp-json\/wp\/v2\/posts\/2917","targetHints":{"allow":["GET"]}}],"collection":[{"href":"https:\/\/afan.fr\/blog\/index.php\/wp-json\/wp\/v2\/posts"}],"about":[{"href":"https:\/\/afan.fr\/blog\/index.php\/wp-json\/wp\/v2\/types\/post"}],"author":[{"embeddable":true,"href":"https:\/\/afan.fr\/blog\/index.php\/wp-json\/wp\/v2\/users\/1"}],"replies":[{"embeddable":true,"href":"https:\/\/afan.fr\/blog\/index.php\/wp-json\/wp\/v2\/comments?post=2917"}],"version-history":[{"count":1,"href":"https:\/\/afan.fr\/blog\/index.php\/wp-json\/wp\/v2\/posts\/2917\/revisions"}],"predecessor-version":[{"id":2920,"href":"https:\/\/afan.fr\/blog\/index.php\/wp-json\/wp\/v2\/posts\/2917\/revisions\/2920"}],"wp:attachment":[{"href":"https:\/\/afan.fr\/blog\/index.php\/wp-json\/wp\/v2\/media?parent=2917"}],"wp:term":[{"taxonomy":"category","embeddable":true,"href":"https:\/\/afan.fr\/blog\/index.php\/wp-json\/wp\/v2\/categories?post=2917"},{"taxonomy":"post_tag","embeddable":true,"href":"https:\/\/afan.fr\/blog\/index.php\/wp-json\/wp\/v2\/tags?post=2917"}],"curies":[{"name":"wp","href":"https:\/\/api.w.org\/{rel}","templated":true}]}}