{"id":2554,"date":"2020-01-29T07:37:40","date_gmt":"2020-01-29T06:37:40","guid":{"rendered":"http:\/\/afan.fr\/blog\/?p=2554"},"modified":"2020-01-29T07:37:44","modified_gmt":"2020-01-29T06:37:44","slug":"arnold-des-frigos","status":"publish","type":"post","link":"https:\/\/afan.fr\/blog\/index.php\/2020\/01\/29\/arnold-des-frigos\/","title":{"rendered":"Arnold &#8211; Des &#8220;frigos&#8221;"},"content":{"rendered":"\n<p>Arnold vient de commercialiser les 2 wagons frigorifiques annonc\u00e9s l&#8217;automne dernier :<br>&#8211; HN6432 : wagon frigorifique 2 essieux D.T.M.V.F.-F.F.A., Ep IV-V <\/p>\n\n\n\n<figure class=\"wp-block-image\"><img loading=\"lazy\" decoding=\"async\" width=\"900\" height=\"398\" src=\"http:\/\/afan.fr\/blog\/wp-content\/uploads\/2020\/01\/2020-01_frig2_arnold.jpg\" alt=\"\" class=\"wp-image-2555\" srcset=\"https:\/\/afan.fr\/blog\/wp-content\/uploads\/2020\/01\/2020-01_frig2_arnold.jpg 900w, https:\/\/afan.fr\/blog\/wp-content\/uploads\/2020\/01\/2020-01_frig2_arnold-300x133.jpg 300w, https:\/\/afan.fr\/blog\/wp-content\/uploads\/2020\/01\/2020-01_frig2_arnold-768x340.jpg 768w\" sizes=\"auto, (max-width: 900px) 100vw, 900px\" \/><\/figure>\n\n\n\n<p>&#8211; HN6433 : wagon frigorifique 2 essieux STEF, \u00e9poque III (? car logo r\u00e9cent plut\u00f4t conforme \u00e0 Ep IV).<\/p>\n\n\n\n<figure class=\"wp-block-image\"><img loading=\"lazy\" decoding=\"async\" width=\"900\" height=\"425\" src=\"http:\/\/afan.fr\/blog\/wp-content\/uploads\/2020\/01\/2020-01_frig1_arnold.jpg\" alt=\"\" class=\"wp-image-2556\" srcset=\"https:\/\/afan.fr\/blog\/wp-content\/uploads\/2020\/01\/2020-01_frig1_arnold.jpg 900w, https:\/\/afan.fr\/blog\/wp-content\/uploads\/2020\/01\/2020-01_frig1_arnold-300x142.jpg 300w, https:\/\/afan.fr\/blog\/wp-content\/uploads\/2020\/01\/2020-01_frig1_arnold-768x363.jpg 768w\" sizes=\"auto, (max-width: 900px) 100vw, 900px\" \/><\/figure>\n\n\n\n<p><br><\/p>\n","protected":false},"excerpt":{"rendered":"<p>Arnold vient de commercialiser les 2 wagons frigorifiques annonc\u00e9s l&#8217;automne dernier :&#8211; HN6432 : wagon frigorifique 2 essieux D.T.M.V.F.-F.F.A., Ep IV-V &#8211; HN6433 : wagon frigorifique 2 essieux STEF, \u00e9poque III (? car logo r\u00e9cent plut\u00f4t conforme \u00e0 Ep IV).<\/p>\n","protected":false},"author":1,"featured_media":0,"comment_status":"open","ping_status":"closed","sticky":false,"template":"","format":"standard","meta":{"_s2mail":"yes","footnotes":""},"categories":[1],"tags":[],"class_list":["post-2554","post","type-post","status-publish","format-standard","hentry","category-non-classe"],"_links":{"self":[{"href":"https:\/\/afan.fr\/blog\/index.php\/wp-json\/wp\/v2\/posts\/2554","targetHints":{"allow":["GET"]}}],"collection":[{"href":"https:\/\/afan.fr\/blog\/index.php\/wp-json\/wp\/v2\/posts"}],"about":[{"href":"https:\/\/afan.fr\/blog\/index.php\/wp-json\/wp\/v2\/types\/post"}],"author":[{"embeddable":true,"href":"https:\/\/afan.fr\/blog\/index.php\/wp-json\/wp\/v2\/users\/1"}],"replies":[{"embeddable":true,"href":"https:\/\/afan.fr\/blog\/index.php\/wp-json\/wp\/v2\/comments?post=2554"}],"version-history":[{"count":2,"href":"https:\/\/afan.fr\/blog\/index.php\/wp-json\/wp\/v2\/posts\/2554\/revisions"}],"predecessor-version":[{"id":2558,"href":"https:\/\/afan.fr\/blog\/index.php\/wp-json\/wp\/v2\/posts\/2554\/revisions\/2558"}],"wp:attachment":[{"href":"https:\/\/afan.fr\/blog\/index.php\/wp-json\/wp\/v2\/media?parent=2554"}],"wp:term":[{"taxonomy":"category","embeddable":true,"href":"https:\/\/afan.fr\/blog\/index.php\/wp-json\/wp\/v2\/categories?post=2554"},{"taxonomy":"post_tag","embeddable":true,"href":"https:\/\/afan.fr\/blog\/index.php\/wp-json\/wp\/v2\/tags?post=2554"}],"curies":[{"name":"wp","href":"https:\/\/api.w.org\/{rel}","templated":true}]}}