{"id":2444,"date":"2019-12-24T08:13:41","date_gmt":"2019-12-24T07:13:41","guid":{"rendered":"http:\/\/afan.fr\/blog\/?p=2444"},"modified":"2019-12-24T08:13:43","modified_gmt":"2019-12-24T07:13:43","slug":"mini-un-petit-utilitaire-kronenbourg","status":"publish","type":"post","link":"https:\/\/afan.fr\/blog\/index.php\/2019\/12\/24\/mini-un-petit-utilitaire-kronenbourg\/","title":{"rendered":"Mini &#8211; Un petit utilitaire &#8220;Kronenbourg&#8221;"},"content":{"rendered":"\n<p>Pour accompagner les diff\u00e9rents wagons aux couleurs de la brasserie Kronenbourg, Mini (Lemke Collection) vient de sortir une d\u00e9coration de son VW T3 Transporter en marquage Kronenbourg. R\u00e9f. LC4327.<\/p>\n\n\n\n<figure class=\"wp-block-image\"><img loading=\"lazy\" decoding=\"async\" width=\"600\" height=\"303\" src=\"http:\/\/afan.fr\/blog\/wp-content\/uploads\/2019\/12\/2019-12_mini_kronenbourg.jpg\" alt=\"\" class=\"wp-image-2447\" srcset=\"https:\/\/afan.fr\/blog\/wp-content\/uploads\/2019\/12\/2019-12_mini_kronenbourg.jpg 600w, https:\/\/afan.fr\/blog\/wp-content\/uploads\/2019\/12\/2019-12_mini_kronenbourg-300x152.jpg 300w\" sizes=\"auto, (max-width: 600px) 100vw, 600px\" \/><\/figure>\n","protected":false},"excerpt":{"rendered":"<p>Pour accompagner les diff\u00e9rents wagons aux couleurs de la brasserie Kronenbourg, Mini (Lemke Collection) vient de sortir une d\u00e9coration de son VW T3 Transporter en marquage Kronenbourg. R\u00e9f. LC4327.<\/p>\n","protected":false},"author":1,"featured_media":0,"comment_status":"open","ping_status":"closed","sticky":false,"template":"","format":"standard","meta":{"_s2mail":"yes","footnotes":""},"categories":[1],"tags":[],"class_list":["post-2444","post","type-post","status-publish","format-standard","hentry","category-non-classe"],"_links":{"self":[{"href":"https:\/\/afan.fr\/blog\/index.php\/wp-json\/wp\/v2\/posts\/2444","targetHints":{"allow":["GET"]}}],"collection":[{"href":"https:\/\/afan.fr\/blog\/index.php\/wp-json\/wp\/v2\/posts"}],"about":[{"href":"https:\/\/afan.fr\/blog\/index.php\/wp-json\/wp\/v2\/types\/post"}],"author":[{"embeddable":true,"href":"https:\/\/afan.fr\/blog\/index.php\/wp-json\/wp\/v2\/users\/1"}],"replies":[{"embeddable":true,"href":"https:\/\/afan.fr\/blog\/index.php\/wp-json\/wp\/v2\/comments?post=2444"}],"version-history":[{"count":3,"href":"https:\/\/afan.fr\/blog\/index.php\/wp-json\/wp\/v2\/posts\/2444\/revisions"}],"predecessor-version":[{"id":2449,"href":"https:\/\/afan.fr\/blog\/index.php\/wp-json\/wp\/v2\/posts\/2444\/revisions\/2449"}],"wp:attachment":[{"href":"https:\/\/afan.fr\/blog\/index.php\/wp-json\/wp\/v2\/media?parent=2444"}],"wp:term":[{"taxonomy":"category","embeddable":true,"href":"https:\/\/afan.fr\/blog\/index.php\/wp-json\/wp\/v2\/categories?post=2444"},{"taxonomy":"post_tag","embeddable":true,"href":"https:\/\/afan.fr\/blog\/index.php\/wp-json\/wp\/v2\/tags?post=2444"}],"curies":[{"name":"wp","href":"https:\/\/api.w.org\/{rel}","templated":true}]}}