{"id":2420,"date":"2019-12-22T09:32:28","date_gmt":"2019-12-22T08:32:28","guid":{"rendered":"http:\/\/afan.fr\/blog\/?p=2420"},"modified":"2019-12-22T09:32:31","modified_gmt":"2019-12-22T08:32:31","slug":"apres-des-expos-des-videos","status":"publish","type":"post","link":"https:\/\/afan.fr\/blog\/index.php\/2019\/12\/22\/apres-des-expos-des-videos\/","title":{"rendered":"Apr\u00e8s des expos, des vid\u00e9os&#8230;"},"content":{"rendered":"\n<p class=\"has-text-color has-luminous-vivid-orange-color\">M\u00eame si nous avons abandonn\u00e9 la publication de DVD, Claude Fraval n&#8217;a pas arr\u00eat\u00e9 les prises de vues lors des expos auxquelles l&#8217;AFAN participe. <br>Seule diff\u00e9rence, ses vid\u00e9os sont maintenant visibles sur Youtube.<\/p>\n\n\n\n<p class=\"has-text-color has-luminous-vivid-orange-color\">Voici 3 vid\u00e9os nouvelles. La premi\u00e8re est relative au stand AFAN de F\u00e9d\u00e9Rail,  d\u00e9but juin \u00e0 Pithiviers. Les 2 autres correspondent \u00e0 l&#8217;expo de Bugeat en 2 parties compl\u00e9mentaires.<br>Bon visionnage.<\/p>\n\n\n\n<p><strong>F\u00e9d\u00e9Rail 2019<\/strong><br><br><a rel=\"noreferrer noopener\" aria-label=\"http:\/\/ https:\/\/youtu.be\/gWXnmrPeb0c (s\u2019ouvre dans un nouvel onglet)\" href=\"https:\/\/youtu.be\/gWXnmrPeb0c\" target=\"_blank\">http:\/\/ https:\/\/youtu.be\/gWXnmrPeb0c<\/a><\/p>\n\n\n\n<p><strong>Bugeat 2019<\/strong><br><br><a rel=\"noreferrer noopener\" aria-label=\" (s\u2019ouvre dans un nouvel onglet)\" href=\"https:\/\/youtu.be\/mes_r3Stnzo\" target=\"_blank\">https:\/\/youtu.be\/mes_r3Stnzo<\/a><br><br><a rel=\"noreferrer noopener\" aria-label=\" (s\u2019ouvre dans un nouvel onglet)\" href=\"https:\/\/youtu.be\/sv0SZtnW7R8\" target=\"_blank\">https:\/\/youtu.be\/sv0SZtnW7R8<\/a><\/p>\n","protected":false},"excerpt":{"rendered":"<p>M\u00eame si nous avons abandonn\u00e9 la publication de DVD, Claude Fraval n&#8217;a pas arr\u00eat\u00e9 les prises de vues lors des expos auxquelles l&#8217;AFAN participe. Seule diff\u00e9rence, ses vid\u00e9os sont maintenant visibles sur Youtube. Voici 3 vid\u00e9os nouvelles. La premi\u00e8re est relative au stand AFAN de F\u00e9d\u00e9Rail, d\u00e9but juin \u00e0 Pithiviers. Les 2 autres correspondent \u00e0 [&hellip;]<\/p>\n","protected":false},"author":1,"featured_media":0,"comment_status":"open","ping_status":"closed","sticky":false,"template":"","format":"standard","meta":{"_s2mail":"yes","footnotes":""},"categories":[1],"tags":[],"class_list":["post-2420","post","type-post","status-publish","format-standard","hentry","category-non-classe"],"_links":{"self":[{"href":"https:\/\/afan.fr\/blog\/index.php\/wp-json\/wp\/v2\/posts\/2420","targetHints":{"allow":["GET"]}}],"collection":[{"href":"https:\/\/afan.fr\/blog\/index.php\/wp-json\/wp\/v2\/posts"}],"about":[{"href":"https:\/\/afan.fr\/blog\/index.php\/wp-json\/wp\/v2\/types\/post"}],"author":[{"embeddable":true,"href":"https:\/\/afan.fr\/blog\/index.php\/wp-json\/wp\/v2\/users\/1"}],"replies":[{"embeddable":true,"href":"https:\/\/afan.fr\/blog\/index.php\/wp-json\/wp\/v2\/comments?post=2420"}],"version-history":[{"count":8,"href":"https:\/\/afan.fr\/blog\/index.php\/wp-json\/wp\/v2\/posts\/2420\/revisions"}],"predecessor-version":[{"id":2429,"href":"https:\/\/afan.fr\/blog\/index.php\/wp-json\/wp\/v2\/posts\/2420\/revisions\/2429"}],"wp:attachment":[{"href":"https:\/\/afan.fr\/blog\/index.php\/wp-json\/wp\/v2\/media?parent=2420"}],"wp:term":[{"taxonomy":"category","embeddable":true,"href":"https:\/\/afan.fr\/blog\/index.php\/wp-json\/wp\/v2\/categories?post=2420"},{"taxonomy":"post_tag","embeddable":true,"href":"https:\/\/afan.fr\/blog\/index.php\/wp-json\/wp\/v2\/tags?post=2420"}],"curies":[{"name":"wp","href":"https:\/\/api.w.org\/{rel}","templated":true}]}}