{"id":2119,"date":"2019-07-15T07:35:08","date_gmt":"2019-07-15T06:35:08","guid":{"rendered":"http:\/\/afan.fr\/blog\/?p=2119"},"modified":"2019-07-15T07:35:11","modified_gmt":"2019-07-15T06:35:11","slug":"cms-decor-portail-de-tunnel-et-murs","status":"publish","type":"post","link":"https:\/\/afan.fr\/blog\/index.php\/2019\/07\/15\/cms-decor-portail-de-tunnel-et-murs\/","title":{"rendered":"CMS D\u00e9cor &#8211; Portail de tunnel et murs"},"content":{"rendered":"\n<p>Quelques nouveaut\u00e9s d&#8217;\u00e9t\u00e9 qui viennent compl\u00e9ter le catalogue :<\/p>\n\n\n\n<p>1_   Tunnel d&#8217;Escot , d&#8217;apr\u00e8s des ouvrages sur la ligne Pau &#8211; Canfranc.<\/p>\n\n\n\n<figure class=\"wp-block-image\"><img loading=\"lazy\" decoding=\"async\" width=\"900\" height=\"945\" src=\"http:\/\/afan.fr\/blog\/wp-content\/uploads\/2019\/07\/2019-07_portail_cmsd.jpg\" alt=\"\" class=\"wp-image-2120\" srcset=\"https:\/\/afan.fr\/blog\/wp-content\/uploads\/2019\/07\/2019-07_portail_cmsd.jpg 900w, https:\/\/afan.fr\/blog\/wp-content\/uploads\/2019\/07\/2019-07_portail_cmsd-286x300.jpg 286w, https:\/\/afan.fr\/blog\/wp-content\/uploads\/2019\/07\/2019-07_portail_cmsd-768x806.jpg 768w\" sizes=\"auto, (max-width: 900px) 100vw, 900px\" \/><\/figure>\n\n\n\n<p>2_ Des murs de sout\u00e8nement dont un avec une niche , seront vendus par paire .<\/p>\n\n\n\n<figure class=\"wp-block-image\"><img loading=\"lazy\" decoding=\"async\" width=\"1024\" height=\"357\" src=\"http:\/\/afan.fr\/blog\/wp-content\/uploads\/2019\/07\/2019-07_mur1_cmsd-1024x357.jpg\" alt=\"\" class=\"wp-image-2121\" srcset=\"https:\/\/afan.fr\/blog\/wp-content\/uploads\/2019\/07\/2019-07_mur1_cmsd-1024x357.jpg 1024w, https:\/\/afan.fr\/blog\/wp-content\/uploads\/2019\/07\/2019-07_mur1_cmsd-300x104.jpg 300w, https:\/\/afan.fr\/blog\/wp-content\/uploads\/2019\/07\/2019-07_mur1_cmsd-768x267.jpg 768w, https:\/\/afan.fr\/blog\/wp-content\/uploads\/2019\/07\/2019-07_mur1_cmsd.jpg 1100w\" sizes=\"auto, (max-width: 1024px) 100vw, 1024px\" \/><\/figure>\n\n\n\n<figure class=\"wp-block-image\"><img loading=\"lazy\" decoding=\"async\" width=\"1000\" height=\"572\" src=\"http:\/\/afan.fr\/blog\/wp-content\/uploads\/2019\/07\/2019-07_mur2_cmsd.jpg\" alt=\"\" class=\"wp-image-2122\" srcset=\"https:\/\/afan.fr\/blog\/wp-content\/uploads\/2019\/07\/2019-07_mur2_cmsd.jpg 1000w, https:\/\/afan.fr\/blog\/wp-content\/uploads\/2019\/07\/2019-07_mur2_cmsd-300x172.jpg 300w, https:\/\/afan.fr\/blog\/wp-content\/uploads\/2019\/07\/2019-07_mur2_cmsd-768x439.jpg 768w\" sizes=\"auto, (max-width: 1000px) 100vw, 1000px\" \/><\/figure>\n","protected":false},"excerpt":{"rendered":"<p>Quelques nouveaut\u00e9s d&#8217;\u00e9t\u00e9 qui viennent compl\u00e9ter le catalogue : 1_ Tunnel d&#8217;Escot , d&#8217;apr\u00e8s des ouvrages sur la ligne Pau &#8211; Canfranc. 2_ Des murs de sout\u00e8nement dont un avec une niche , seront vendus par paire .<\/p>\n","protected":false},"author":1,"featured_media":0,"comment_status":"open","ping_status":"closed","sticky":false,"template":"","format":"standard","meta":{"_s2mail":"yes","footnotes":""},"categories":[1],"tags":[],"class_list":["post-2119","post","type-post","status-publish","format-standard","hentry","category-non-classe"],"_links":{"self":[{"href":"https:\/\/afan.fr\/blog\/index.php\/wp-json\/wp\/v2\/posts\/2119","targetHints":{"allow":["GET"]}}],"collection":[{"href":"https:\/\/afan.fr\/blog\/index.php\/wp-json\/wp\/v2\/posts"}],"about":[{"href":"https:\/\/afan.fr\/blog\/index.php\/wp-json\/wp\/v2\/types\/post"}],"author":[{"embeddable":true,"href":"https:\/\/afan.fr\/blog\/index.php\/wp-json\/wp\/v2\/users\/1"}],"replies":[{"embeddable":true,"href":"https:\/\/afan.fr\/blog\/index.php\/wp-json\/wp\/v2\/comments?post=2119"}],"version-history":[{"count":1,"href":"https:\/\/afan.fr\/blog\/index.php\/wp-json\/wp\/v2\/posts\/2119\/revisions"}],"predecessor-version":[{"id":2123,"href":"https:\/\/afan.fr\/blog\/index.php\/wp-json\/wp\/v2\/posts\/2119\/revisions\/2123"}],"wp:attachment":[{"href":"https:\/\/afan.fr\/blog\/index.php\/wp-json\/wp\/v2\/media?parent=2119"}],"wp:term":[{"taxonomy":"category","embeddable":true,"href":"https:\/\/afan.fr\/blog\/index.php\/wp-json\/wp\/v2\/categories?post=2119"},{"taxonomy":"post_tag","embeddable":true,"href":"https:\/\/afan.fr\/blog\/index.php\/wp-json\/wp\/v2\/tags?post=2119"}],"curies":[{"name":"wp","href":"https:\/\/api.w.org\/{rel}","templated":true}]}}