{"id":2106,"date":"2019-07-09T09:44:43","date_gmt":"2019-07-09T08:44:43","guid":{"rendered":"http:\/\/afan.fr\/blog\/?p=2106"},"modified":"2019-07-09T09:44:45","modified_gmt":"2019-07-09T08:44:45","slug":"tj-modeles-des-nouveautes","status":"publish","type":"post","link":"https:\/\/afan.fr\/blog\/index.php\/2019\/07\/09\/tj-modeles-des-nouveautes\/","title":{"rendered":"TJ Mod\u00e8les &#8211; Des nouveaut\u00e9s"},"content":{"rendered":"\n<p>TJ Mod\u00e8les annonce la disponibilit\u00e9 de nouvelles r\u00e9f\u00e9rences dans le domaine du d\u00e9cor et de la d\u00e9coration de mod\u00e8les.<\/p>\n\n\n\n<p>TJ-8508 : Tampons pour voitures voyageurs anciens r\u00e9seaux <\/p>\n\n\n\n<figure class=\"wp-block-image\"><img loading=\"lazy\" decoding=\"async\" width=\"400\" height=\"367\" src=\"http:\/\/afan.fr\/blog\/wp-content\/uploads\/2019\/07\/TJ-8508-1.jpg\" alt=\"\" class=\"wp-image-2107\" srcset=\"https:\/\/afan.fr\/blog\/wp-content\/uploads\/2019\/07\/TJ-8508-1.jpg 400w, https:\/\/afan.fr\/blog\/wp-content\/uploads\/2019\/07\/TJ-8508-1-300x275.jpg 300w\" sizes=\"auto, (max-width: 400px) 100vw, 400px\" \/><\/figure>\n\n\n\n<figure class=\"wp-block-image\"><img loading=\"lazy\" decoding=\"async\" width=\"850\" height=\"537\" src=\"http:\/\/afan.fr\/blog\/wp-content\/uploads\/2019\/07\/TJ-8508-2.jpg\" alt=\"\" class=\"wp-image-2108\" srcset=\"https:\/\/afan.fr\/blog\/wp-content\/uploads\/2019\/07\/TJ-8508-2.jpg 850w, https:\/\/afan.fr\/blog\/wp-content\/uploads\/2019\/07\/TJ-8508-2-300x190.jpg 300w, https:\/\/afan.fr\/blog\/wp-content\/uploads\/2019\/07\/TJ-8508-2-768x485.jpg 768w\" sizes=\"auto, (max-width: 850px) 100vw, 850px\" \/><\/figure>\n\n\n\n<p>TJ-1020 &#8211; Barri\u00e8re \u00e0 croisillons<\/p>\n\n\n\n<figure class=\"wp-block-image\"><img loading=\"lazy\" decoding=\"async\" width=\"700\" height=\"271\" src=\"http:\/\/afan.fr\/blog\/wp-content\/uploads\/2019\/07\/TJ-1021.jpg\" alt=\"\" class=\"wp-image-2109\" srcset=\"https:\/\/afan.fr\/blog\/wp-content\/uploads\/2019\/07\/TJ-1021.jpg 700w, https:\/\/afan.fr\/blog\/wp-content\/uploads\/2019\/07\/TJ-1021-300x116.jpg 300w\" sizes=\"auto, (max-width: 700px) 100vw, 700px\" \/><\/figure>\n\n\n\n<p>TJ-5201 &#8211; Logos SNCF ronds, noirs, blancs et jaunes<\/p>\n\n\n\n<figure class=\"wp-block-image\"><img loading=\"lazy\" decoding=\"async\" width=\"500\" height=\"223\" src=\"http:\/\/afan.fr\/blog\/wp-content\/uploads\/2019\/07\/TJ-5201.jpg\" alt=\"\" class=\"wp-image-2110\" srcset=\"https:\/\/afan.fr\/blog\/wp-content\/uploads\/2019\/07\/TJ-5201.jpg 500w, https:\/\/afan.fr\/blog\/wp-content\/uploads\/2019\/07\/TJ-5201-300x134.jpg 300w\" sizes=\"auto, (max-width: 500px) 100vw, 500px\" \/><\/figure>\n\n\n\n<p>TJ-5202 &#8211; Logos SNCF encadr\u00e9s, blancs, gris, noirs et jaunes<\/p>\n\n\n\n<figure class=\"wp-block-image\"><img loading=\"lazy\" decoding=\"async\" width=\"500\" height=\"196\" src=\"http:\/\/afan.fr\/blog\/wp-content\/uploads\/2019\/07\/TJ-5202.jpg\" alt=\"\" class=\"wp-image-2111\" srcset=\"https:\/\/afan.fr\/blog\/wp-content\/uploads\/2019\/07\/TJ-5202.jpg 500w, https:\/\/afan.fr\/blog\/wp-content\/uploads\/2019\/07\/TJ-5202-300x118.jpg 300w\" sizes=\"auto, (max-width: 500px) 100vw, 500px\" \/><\/figure>\n\n\n\n<p>TJ-5203 &#8211; Logos SNCF Tallon, blancs, noirs, gris, et bleus<\/p>\n\n\n\n<figure class=\"wp-block-image\"><img loading=\"lazy\" decoding=\"async\" width=\"500\" height=\"224\" src=\"http:\/\/afan.fr\/blog\/wp-content\/uploads\/2019\/07\/TJ-5203.jpg\" alt=\"\" class=\"wp-image-2112\" srcset=\"https:\/\/afan.fr\/blog\/wp-content\/uploads\/2019\/07\/TJ-5203.jpg 500w, https:\/\/afan.fr\/blog\/wp-content\/uploads\/2019\/07\/TJ-5203-300x134.jpg 300w\" sizes=\"auto, (max-width: 500px) 100vw, 500px\" \/><\/figure>\n\n\n\n<p>TJ-5204 &#8211; Logos SNCF Desgrippes, blancs, noirs, et tricolores<\/p>\n\n\n\n<figure class=\"wp-block-image\"><img loading=\"lazy\" decoding=\"async\" width=\"500\" height=\"640\" src=\"http:\/\/afan.fr\/blog\/wp-content\/uploads\/2019\/07\/TJ-5204.jpg\" alt=\"\" class=\"wp-image-2113\" srcset=\"https:\/\/afan.fr\/blog\/wp-content\/uploads\/2019\/07\/TJ-5204.jpg 500w, https:\/\/afan.fr\/blog\/wp-content\/uploads\/2019\/07\/TJ-5204-234x300.jpg 234w\" sizes=\"auto, (max-width: 500px) 100vw, 500px\" \/><\/figure>\n\n\n\n<p>Concernant les D\u00e9calcomanies, la soci\u00e9t\u00e9 <strong>Interdecal<\/strong> a, \u00e0 la demande de TJ Mod\u00e8les, d\u00e9clin\u00e9 en N trois nouvelles r\u00e9f\u00e9rences issues de leur gamme \u00e0 l&#8217;\u00e9chelle H0 :<\/p>\n\n\n\n<p>DS1-160 : D\u00e9coration Semi Tranports TAB<\/p>\n\n\n\n<figure class=\"wp-block-image\"><img loading=\"lazy\" decoding=\"async\" width=\"486\" height=\"725\" src=\"http:\/\/afan.fr\/blog\/wp-content\/uploads\/2019\/07\/DS1-160.jpg\" alt=\"\" class=\"wp-image-2114\" srcset=\"https:\/\/afan.fr\/blog\/wp-content\/uploads\/2019\/07\/DS1-160.jpg 486w, https:\/\/afan.fr\/blog\/wp-content\/uploads\/2019\/07\/DS1-160-201x300.jpg 201w\" sizes=\"auto, (max-width: 486px) 100vw, 486px\" \/><\/figure>\n\n\n\n<p>TP1-160 : Logos Soci\u00e9t\u00e9s Entreprises de Travaux Publics<\/p>\n\n\n\n<figure class=\"wp-block-image\"><img loading=\"lazy\" decoding=\"async\" width=\"455\" height=\"725\" src=\"http:\/\/afan.fr\/blog\/wp-content\/uploads\/2019\/07\/TP1-160.jpg\" alt=\"\" class=\"wp-image-2115\" srcset=\"https:\/\/afan.fr\/blog\/wp-content\/uploads\/2019\/07\/TP1-160.jpg 455w, https:\/\/afan.fr\/blog\/wp-content\/uploads\/2019\/07\/TP1-160-188x300.jpg 188w\" sizes=\"auto, (max-width: 455px) 100vw, 455px\" \/><\/figure>\n\n\n\n<p>EST1-160 : Publicit\u00e9s Estafette Renault<\/p>\n\n\n\n<figure class=\"wp-block-image\"><img loading=\"lazy\" decoding=\"async\" width=\"664\" height=\"616\" src=\"http:\/\/afan.fr\/blog\/wp-content\/uploads\/2019\/07\/EST1-160.jpg\" alt=\"\" class=\"wp-image-2116\" srcset=\"https:\/\/afan.fr\/blog\/wp-content\/uploads\/2019\/07\/EST1-160.jpg 664w, https:\/\/afan.fr\/blog\/wp-content\/uploads\/2019\/07\/EST1-160-300x278.jpg 300w\" sizes=\"auto, (max-width: 664px) 100vw, 664px\" \/><figcaption>Tous documents TJ Mod\u00e8les<\/figcaption><\/figure>\n","protected":false},"excerpt":{"rendered":"<p>TJ Mod\u00e8les annonce la disponibilit\u00e9 de nouvelles r\u00e9f\u00e9rences dans le domaine du d\u00e9cor et de la d\u00e9coration de mod\u00e8les. TJ-8508 : Tampons pour voitures voyageurs anciens r\u00e9seaux TJ-1020 &#8211; Barri\u00e8re \u00e0 croisillons TJ-5201 &#8211; Logos SNCF ronds, noirs, blancs et jaunes TJ-5202 &#8211; Logos SNCF encadr\u00e9s, blancs, gris, noirs et jaunes TJ-5203 &#8211; Logos SNCF [&hellip;]<\/p>\n","protected":false},"author":1,"featured_media":0,"comment_status":"open","ping_status":"closed","sticky":false,"template":"","format":"standard","meta":{"_s2mail":"yes","footnotes":""},"categories":[1],"tags":[],"class_list":["post-2106","post","type-post","status-publish","format-standard","hentry","category-non-classe"],"_links":{"self":[{"href":"https:\/\/afan.fr\/blog\/index.php\/wp-json\/wp\/v2\/posts\/2106","targetHints":{"allow":["GET"]}}],"collection":[{"href":"https:\/\/afan.fr\/blog\/index.php\/wp-json\/wp\/v2\/posts"}],"about":[{"href":"https:\/\/afan.fr\/blog\/index.php\/wp-json\/wp\/v2\/types\/post"}],"author":[{"embeddable":true,"href":"https:\/\/afan.fr\/blog\/index.php\/wp-json\/wp\/v2\/users\/1"}],"replies":[{"embeddable":true,"href":"https:\/\/afan.fr\/blog\/index.php\/wp-json\/wp\/v2\/comments?post=2106"}],"version-history":[{"count":1,"href":"https:\/\/afan.fr\/blog\/index.php\/wp-json\/wp\/v2\/posts\/2106\/revisions"}],"predecessor-version":[{"id":2117,"href":"https:\/\/afan.fr\/blog\/index.php\/wp-json\/wp\/v2\/posts\/2106\/revisions\/2117"}],"wp:attachment":[{"href":"https:\/\/afan.fr\/blog\/index.php\/wp-json\/wp\/v2\/media?parent=2106"}],"wp:term":[{"taxonomy":"category","embeddable":true,"href":"https:\/\/afan.fr\/blog\/index.php\/wp-json\/wp\/v2\/categories?post=2106"},{"taxonomy":"post_tag","embeddable":true,"href":"https:\/\/afan.fr\/blog\/index.php\/wp-json\/wp\/v2\/tags?post=2106"}],"curies":[{"name":"wp","href":"https:\/\/api.w.org\/{rel}","templated":true}]}}