{"id":1981,"date":"2019-05-01T13:53:37","date_gmt":"2019-05-01T12:53:37","guid":{"rendered":"http:\/\/afan.fr\/blog\/?p=1981"},"modified":"2019-05-01T13:53:42","modified_gmt":"2019-05-01T12:53:42","slug":"trains-160-annonces-de-nouveaux-modeles","status":"publish","type":"post","link":"https:\/\/afan.fr\/blog\/index.php\/2019\/05\/01\/trains-160-annonces-de-nouveaux-modeles\/","title":{"rendered":"Trains 160 &#8211; Annonces de nouveaux mod\u00e8les"},"content":{"rendered":"\n<p> Trains160 annonce de futures nouveaut\u00e9s dans sa gamme ; il s&#8217;agit de la reproduction de wagons EVS \u00e0 2 essieux. Sont ainsi pr\u00e9vus :<br>&#8211; 16030 Set de 2 wagons EVS Hs, toit bas, parois planes, livr\u00e9e grise, \u00e9p. IV<br>&#8211; 16032 Set de 2 wagons EVS Hs, toit bas, parois planes, livr\u00e9e brun et blanc, et livr\u00e9e rouge, \u00e9p. IV<br>&#8211; 16034 Set de 2 wagons EVS Hbis, toit bas, parois planes, livr\u00e9e METROPOL et gris \u00e0 bande jaune, \u00e9p. IV<br>&#8211; 16051 Ste de 2 wagons EVS His, toit haut, livr\u00e9e grise, bande jaune, MECAMODERN et KAOLIN, \u00e9p. V<br>&#8211; 16052 Set de 2 wagons de service EVS Hi, toit haut, livr\u00e9e gris, bande jaune, parois d\u2019extr\u00e9mit\u00e9 jaunes, \u00e9p. V<\/p>\n","protected":false},"excerpt":{"rendered":"<p>Trains160 annonce de futures nouveaut\u00e9s dans sa gamme ; il s&#8217;agit de la reproduction de wagons EVS \u00e0 2 essieux. Sont ainsi pr\u00e9vus :&#8211; 16030 Set de 2 wagons EVS Hs, toit bas, parois planes, livr\u00e9e grise, \u00e9p. IV&#8211; 16032 Set de 2 wagons EVS Hs, toit bas, parois planes, livr\u00e9e brun et blanc, et [&hellip;]<\/p>\n","protected":false},"author":1,"featured_media":0,"comment_status":"open","ping_status":"closed","sticky":false,"template":"","format":"standard","meta":{"_s2mail":"yes","footnotes":""},"categories":[1],"tags":[],"class_list":["post-1981","post","type-post","status-publish","format-standard","hentry","category-non-classe"],"_links":{"self":[{"href":"https:\/\/afan.fr\/blog\/index.php\/wp-json\/wp\/v2\/posts\/1981","targetHints":{"allow":["GET"]}}],"collection":[{"href":"https:\/\/afan.fr\/blog\/index.php\/wp-json\/wp\/v2\/posts"}],"about":[{"href":"https:\/\/afan.fr\/blog\/index.php\/wp-json\/wp\/v2\/types\/post"}],"author":[{"embeddable":true,"href":"https:\/\/afan.fr\/blog\/index.php\/wp-json\/wp\/v2\/users\/1"}],"replies":[{"embeddable":true,"href":"https:\/\/afan.fr\/blog\/index.php\/wp-json\/wp\/v2\/comments?post=1981"}],"version-history":[{"count":1,"href":"https:\/\/afan.fr\/blog\/index.php\/wp-json\/wp\/v2\/posts\/1981\/revisions"}],"predecessor-version":[{"id":1982,"href":"https:\/\/afan.fr\/blog\/index.php\/wp-json\/wp\/v2\/posts\/1981\/revisions\/1982"}],"wp:attachment":[{"href":"https:\/\/afan.fr\/blog\/index.php\/wp-json\/wp\/v2\/media?parent=1981"}],"wp:term":[{"taxonomy":"category","embeddable":true,"href":"https:\/\/afan.fr\/blog\/index.php\/wp-json\/wp\/v2\/categories?post=1981"},{"taxonomy":"post_tag","embeddable":true,"href":"https:\/\/afan.fr\/blog\/index.php\/wp-json\/wp\/v2\/tags?post=1981"}],"curies":[{"name":"wp","href":"https:\/\/api.w.org\/{rel}","templated":true}]}}