{"id":1697,"date":"2018-12-11T16:56:44","date_gmt":"2018-12-11T15:56:44","guid":{"rendered":"http:\/\/afan.fr\/blog\/?p=1697"},"modified":"2018-12-11T16:56:44","modified_gmt":"2018-12-11T15:56:44","slug":"le-stand-de-lafan-a-lexpo-dorleans","status":"publish","type":"post","link":"https:\/\/afan.fr\/blog\/index.php\/2018\/12\/11\/le-stand-de-lafan-a-lexpo-dorleans\/","title":{"rendered":"Le stand de l&#8217;AFAN \u00e0 l&#8217;expo d&#8217;Orl\u00e9ans"},"content":{"rendered":"<p><span style=\"color: #000080;\">Claude Fraval a film\u00e9 l&#8217;ensemble du stand de l&#8217;AFAN, tel qu&#8217;il \u00e9tait install\u00e9 \u00e0 l&#8217;exposition d&#8217;Orl\u00e9ans. Apr\u00e8s montage, voici le lien pour le visionner en toute tranquillit\u00e9.<\/span><br \/>\n<span style=\"color: #000080;\">Nous avons profit\u00e9 de l&#8217;occasion pour marquer l\u2019\u00e9v\u00e9nement de nos 40 ans avec les membres pr\u00e9sents et les repr\u00e9sentants disponibles des marques qui nous proposent du mat\u00e9riel, et, comme pour l&#8217;AMFI, il s&#8217;agissait de f\u00eater les 60 ans, nous avons tout regroup\u00e9. L&#8217;occasion \u00e9galement de partager ce moment avec les membres du N Club International , le pendant de l&#8217;AFAN en Allemagne.<\/span><\/p>\n<p><a href=\"https:\/\/youtu.be\/MslttrHzoOwdonner\">Les 40 ans de l&#8217;AFAN \u00e0 Orl\u00e9ans<\/a><\/p>\n<p><span style=\"color: #000080;\">Il s&#8217;agit du troisi\u00e8me film de l&#8217;ann\u00e9e 2018. Pour rappel, le premier est relatif au concours AFAN-SMCF de St Mand\u00e9 (janvier) ; le second est relatif \u00e0 notre pr\u00e9sence lors de F\u00e9d\u00e9Rail (juin). Ces deux autres vid\u00e9os sont toujours disponibles en retournant en arri\u00e8re aux mois indiqu\u00e9s sur ce Blog.<\/span><\/p>\n","protected":false},"excerpt":{"rendered":"<p>Claude Fraval a film\u00e9 l&#8217;ensemble du stand de l&#8217;AFAN, tel qu&#8217;il \u00e9tait install\u00e9 \u00e0 l&#8217;exposition d&#8217;Orl\u00e9ans. Apr\u00e8s montage, voici le lien pour le visionner en toute tranquillit\u00e9. Nous avons profit\u00e9 de l&#8217;occasion pour marquer l\u2019\u00e9v\u00e9nement de nos 40 ans avec les membres pr\u00e9sents et les repr\u00e9sentants disponibles des marques qui nous proposent du mat\u00e9riel, et, [&hellip;]<\/p>\n","protected":false},"author":1,"featured_media":0,"comment_status":"open","ping_status":"closed","sticky":false,"template":"","format":"standard","meta":{"_s2mail":"yes","footnotes":""},"categories":[1],"tags":[],"class_list":["post-1697","post","type-post","status-publish","format-standard","hentry","category-non-classe"],"_links":{"self":[{"href":"https:\/\/afan.fr\/blog\/index.php\/wp-json\/wp\/v2\/posts\/1697","targetHints":{"allow":["GET"]}}],"collection":[{"href":"https:\/\/afan.fr\/blog\/index.php\/wp-json\/wp\/v2\/posts"}],"about":[{"href":"https:\/\/afan.fr\/blog\/index.php\/wp-json\/wp\/v2\/types\/post"}],"author":[{"embeddable":true,"href":"https:\/\/afan.fr\/blog\/index.php\/wp-json\/wp\/v2\/users\/1"}],"replies":[{"embeddable":true,"href":"https:\/\/afan.fr\/blog\/index.php\/wp-json\/wp\/v2\/comments?post=1697"}],"version-history":[{"count":2,"href":"https:\/\/afan.fr\/blog\/index.php\/wp-json\/wp\/v2\/posts\/1697\/revisions"}],"predecessor-version":[{"id":1699,"href":"https:\/\/afan.fr\/blog\/index.php\/wp-json\/wp\/v2\/posts\/1697\/revisions\/1699"}],"wp:attachment":[{"href":"https:\/\/afan.fr\/blog\/index.php\/wp-json\/wp\/v2\/media?parent=1697"}],"wp:term":[{"taxonomy":"category","embeddable":true,"href":"https:\/\/afan.fr\/blog\/index.php\/wp-json\/wp\/v2\/categories?post=1697"},{"taxonomy":"post_tag","embeddable":true,"href":"https:\/\/afan.fr\/blog\/index.php\/wp-json\/wp\/v2\/tags?post=1697"}],"curies":[{"name":"wp","href":"https:\/\/api.w.org\/{rel}","templated":true}]}}