{"id":1680,"date":"2018-11-27T13:11:45","date_gmt":"2018-11-27T12:11:45","guid":{"rendered":"http:\/\/afan.fr\/blog\/?p=1680"},"modified":"2019-03-02T17:13:14","modified_gmt":"2019-03-02T16:13:14","slug":"tj-modeles-annonces-de-nouveautes-pour-2019","status":"publish","type":"post","link":"https:\/\/afan.fr\/blog\/index.php\/2018\/11\/27\/tj-modeles-annonces-de-nouveautes-pour-2019\/","title":{"rendered":"TJ. Mod\u00e8les &#8211; Annonces de nouveaut\u00e9s pour 2019"},"content":{"rendered":"<p><span style=\"color: #000080;\">TJ-Mod\u00e8les a annonc\u00e9 ses premi\u00e8res nouveaut\u00e9s pour l\u2019ann\u00e9e 2019, ces nouveaut\u00e9s seront les suivantes :<\/span><\/p>\n<p><span style=\"color: #000080;\"><strong>Locotracteurs<\/strong><\/span><br \/>\n<span style=\"color: #000080;\"><img loading=\"lazy\" decoding=\"async\" class=\"aligncenter wp-image-1681 size-full\" src=\"http:\/\/afan.fr\/blog\/wp-content\/uploads\/2018\/11\/Y-2400.jpg\" alt=\"\" width=\"880\" height=\"532\" srcset=\"https:\/\/afan.fr\/blog\/wp-content\/uploads\/2018\/11\/Y-2400.jpg 880w, https:\/\/afan.fr\/blog\/wp-content\/uploads\/2018\/11\/Y-2400-300x181.jpg 300w, https:\/\/afan.fr\/blog\/wp-content\/uploads\/2018\/11\/Y-2400-768x464.jpg 768w\" sizes=\"auto, (max-width: 880px) 100vw, 880px\" \/>&#8211; Y 2400, version \u00ab statique \u00bb<\/span><br \/>\n<span style=\"color: #000080;\">&#8211; Y 2400, version motoris\u00e9e DCC (ch\u00e2ssis en m\u00e9tal frais\u00e9) (date limite de pr\u00e9commande 31 juillet 2019 ; livraison en septembre suivant)<\/span><\/p>\n<p><span style=\"color: #000080;\"><strong>Autorails<\/strong><\/span><br \/>\n<span style=\"color: #000080;\"><img loading=\"lazy\" decoding=\"async\" class=\"aligncenter wp-image-1682 size-full\" src=\"http:\/\/afan.fr\/blog\/wp-content\/uploads\/2018\/11\/X-2100.jpg\" alt=\"\" width=\"949\" height=\"365\" srcset=\"https:\/\/afan.fr\/blog\/wp-content\/uploads\/2018\/11\/X-2100.jpg 949w, https:\/\/afan.fr\/blog\/wp-content\/uploads\/2018\/11\/X-2100-300x115.jpg 300w, https:\/\/afan.fr\/blog\/wp-content\/uploads\/2018\/11\/X-2100-768x295.jpg 768w\" sizes=\"auto, (max-width: 949px) 100vw, 949px\" \/>&#8211; X 2100, transkit sur base X 2200 Mikadotrain (ch\u00e2ssis Mikadotrain fourni) (date limite de pr\u00e9commande 31 juillet 2019 ; livraison en septembre suivant)<\/span><\/p>\n<p><span style=\"color: #000080;\"><strong>Mat\u00e9riel remorqu\u00e9 voyageurs<\/strong><\/span><br \/>\n<span style=\"color: #000080;\"><img loading=\"lazy\" decoding=\"async\" class=\"aligncenter wp-image-1683 size-full\" src=\"http:\/\/afan.fr\/blog\/wp-content\/uploads\/2018\/11\/B4D.jpg\" alt=\"\" width=\"900\" height=\"523\" srcset=\"https:\/\/afan.fr\/blog\/wp-content\/uploads\/2018\/11\/B4D.jpg 900w, https:\/\/afan.fr\/blog\/wp-content\/uploads\/2018\/11\/B4D-300x174.jpg 300w, https:\/\/afan.fr\/blog\/wp-content\/uploads\/2018\/11\/B4D-768x446.jpg 768w\" sizes=\"auto, (max-width: 900px) 100vw, 900px\" \/>&#8211; Voiture B4D ex-PLM, re-m\u00e9tallisation SNCF, \u00e9poques III et IV, bogies WL ou Y16 (date limite de pr\u00e9commande 31 juillet 2019 ; livraison en septembre suivant)).<\/span><\/p>\n<p><span style=\"color: #000080;\"><strong>Mat\u00e9riel remorqu\u00e9 marchandises<\/strong><\/span><br \/>\n<span style=\"color: #000080;\">&#8211; Wagon plat surbaiss\u00e9 ex-WD \u00e0 bogies, mod\u00e8le court et mod\u00e8le long, \u00e9poques II, III, et IV (date limite de pr\u00e9commande 30 avril 2019 ; livraison en juin suivant)<\/span><br \/>\n<span style=\"color: #000080;\">&#8211; Wagon plat Uais \u00e0 pupitre de 22m, \u00e0 bogies, \u00e9poque IV (date limite de pr\u00e9commande 30 juin 2019 ; livraison en ao\u00fbt suivant)<\/span><br \/>\n<span style=\"color: #000080;\">&#8211; Wagon \u00e0 lait \u00e0 bogies Zaeks, \u00e9poque IV, transkit sur base Minitrix\u00a0(date limite de pr\u00e9commande 30 ao\u00fbt 2019 ; livraison en octobre suivant)<\/span><\/p>\n<p><span style=\"color: #000080;\">Comme sur les mod\u00e8les annonc\u00e9s pr\u00e9c\u00e9demment, ces mod\u00e8les peuvent \u00eatre pr\u00e9-command\u00e9s (sur le site Internet de la firme) \u00e0 un prix int\u00e9ressant, pass\u00e9 la date but\u00e9e, les mod\u00e8les peuvent toujours \u00eatre achet\u00e9s mais au prix normal.<\/span><\/p>\n","protected":false},"excerpt":{"rendered":"<p>TJ-Mod\u00e8les a annonc\u00e9 ses premi\u00e8res nouveaut\u00e9s pour l\u2019ann\u00e9e 2019, ces nouveaut\u00e9s seront les suivantes : Locotracteurs &#8211; Y 2400, version \u00ab statique \u00bb &#8211; Y 2400, version motoris\u00e9e DCC (ch\u00e2ssis en m\u00e9tal frais\u00e9) (date limite de pr\u00e9commande 31 juillet 2019 ; livraison en septembre suivant) Autorails &#8211; X 2100, transkit sur base X 2200 Mikadotrain [&hellip;]<\/p>\n","protected":false},"author":1,"featured_media":0,"comment_status":"open","ping_status":"closed","sticky":false,"template":"","format":"standard","meta":{"_s2mail":"yes","footnotes":""},"categories":[1],"tags":[],"class_list":["post-1680","post","type-post","status-publish","format-standard","hentry","category-non-classe"],"_links":{"self":[{"href":"https:\/\/afan.fr\/blog\/index.php\/wp-json\/wp\/v2\/posts\/1680","targetHints":{"allow":["GET"]}}],"collection":[{"href":"https:\/\/afan.fr\/blog\/index.php\/wp-json\/wp\/v2\/posts"}],"about":[{"href":"https:\/\/afan.fr\/blog\/index.php\/wp-json\/wp\/v2\/types\/post"}],"author":[{"embeddable":true,"href":"https:\/\/afan.fr\/blog\/index.php\/wp-json\/wp\/v2\/users\/1"}],"replies":[{"embeddable":true,"href":"https:\/\/afan.fr\/blog\/index.php\/wp-json\/wp\/v2\/comments?post=1680"}],"version-history":[{"count":4,"href":"https:\/\/afan.fr\/blog\/index.php\/wp-json\/wp\/v2\/posts\/1680\/revisions"}],"predecessor-version":[{"id":1886,"href":"https:\/\/afan.fr\/blog\/index.php\/wp-json\/wp\/v2\/posts\/1680\/revisions\/1886"}],"wp:attachment":[{"href":"https:\/\/afan.fr\/blog\/index.php\/wp-json\/wp\/v2\/media?parent=1680"}],"wp:term":[{"taxonomy":"category","embeddable":true,"href":"https:\/\/afan.fr\/blog\/index.php\/wp-json\/wp\/v2\/categories?post=1680"},{"taxonomy":"post_tag","embeddable":true,"href":"https:\/\/afan.fr\/blog\/index.php\/wp-json\/wp\/v2\/tags?post=1680"}],"curies":[{"name":"wp","href":"https:\/\/api.w.org\/{rel}","templated":true}]}}