{"id":1493,"date":"2018-08-23T16:18:55","date_gmt":"2018-08-23T15:18:55","guid":{"rendered":"http:\/\/afan.fr\/blog\/?p=1493"},"modified":"2018-08-23T16:18:55","modified_gmt":"2018-08-23T15:18:55","slug":"rocky-rail-nouvelles-bb-37000","status":"publish","type":"post","link":"https:\/\/afan.fr\/blog\/index.php\/2018\/08\/23\/rocky-rail-nouvelles-bb-37000\/","title":{"rendered":"Rocky-Rail &#8211; Nouvelles BB 37000"},"content":{"rendered":"<p><span style=\"color: #000080;\">Il y a 5 ans, Rocky-Rail a lanc\u00e9 les locomotives Alstom Prima \u00e0 l\u2019\u00e9chelle N.<\/span><br \/>\n<span style=\"color: #000080;\">Pour c\u00e9l\u00e9brer ceci, sortiront au mois de Septembre en quantit\u00e9 limit\u00e9e, 5 \u00e9ditions sp\u00e9ciales des BB 37000.<\/span><\/p>\n<p><span style=\"color: #000080;\">RR037027 : 37027 AKIEM &#8220;EXPO&#8221;<\/span><\/p>\n<p><span style=\"color: #000080;\"><img loading=\"lazy\" decoding=\"async\" class=\"aligncenter wp-image-1494 size-full\" src=\"http:\/\/afan.fr\/blog\/wp-content\/uploads\/2018\/08\/RR037027.jpg\" alt=\"\" width=\"1263\" height=\"522\" srcset=\"https:\/\/afan.fr\/blog\/wp-content\/uploads\/2018\/08\/RR037027.jpg 1263w, https:\/\/afan.fr\/blog\/wp-content\/uploads\/2018\/08\/RR037027-300x124.jpg 300w, https:\/\/afan.fr\/blog\/wp-content\/uploads\/2018\/08\/RR037027-768x317.jpg 768w, https:\/\/afan.fr\/blog\/wp-content\/uploads\/2018\/08\/RR037027-1024x423.jpg 1024w\" sizes=\"auto, (max-width: 1263px) 100vw, 1263px\" \/><\/span><\/p>\n<p><span style=\"color: #000080;\">RRBB37037 : BB37037 ETF<\/span><\/p>\n<p><span style=\"color: #000080;\"><img loading=\"lazy\" decoding=\"async\" class=\"aligncenter wp-image-1495 size-full\" src=\"http:\/\/afan.fr\/blog\/wp-content\/uploads\/2018\/08\/RRBB37037.jpg\" alt=\"\" width=\"1077\" height=\"490\" srcset=\"https:\/\/afan.fr\/blog\/wp-content\/uploads\/2018\/08\/RRBB37037.jpg 1077w, https:\/\/afan.fr\/blog\/wp-content\/uploads\/2018\/08\/RRBB37037-300x136.jpg 300w, https:\/\/afan.fr\/blog\/wp-content\/uploads\/2018\/08\/RRBB37037-768x349.jpg 768w, https:\/\/afan.fr\/blog\/wp-content\/uploads\/2018\/08\/RRBB37037-1024x466.jpg 1024w\" sizes=\"auto, (max-width: 1077px) 100vw, 1077px\" \/><\/span><\/p>\n<p><span style=\"color: #000080;\">RRE37537 : E37527 CB RAIL<\/span><\/p>\n<p><span style=\"color: #000080;\"><img loading=\"lazy\" decoding=\"async\" class=\"aligncenter wp-image-1496 size-full\" src=\"http:\/\/afan.fr\/blog\/wp-content\/uploads\/2018\/08\/RRE37527.jpg\" alt=\"\" width=\"1086\" height=\"528\" srcset=\"https:\/\/afan.fr\/blog\/wp-content\/uploads\/2018\/08\/RRE37527.jpg 1086w, https:\/\/afan.fr\/blog\/wp-content\/uploads\/2018\/08\/RRE37527-300x146.jpg 300w, https:\/\/afan.fr\/blog\/wp-content\/uploads\/2018\/08\/RRE37527-768x373.jpg 768w, https:\/\/afan.fr\/blog\/wp-content\/uploads\/2018\/08\/RRE37527-1024x498.jpg 1024w\" sizes=\"auto, (max-width: 1086px) 100vw, 1086px\" \/><\/span><\/p>\n<p><span style=\"color: #000080;\">RR437036 : 437036 FRET patin\u00e9e<\/span><\/p>\n<p><span style=\"color: #000080;\"><img loading=\"lazy\" decoding=\"async\" class=\"aligncenter wp-image-1497 size-full\" src=\"http:\/\/afan.fr\/blog\/wp-content\/uploads\/2018\/08\/RR437036.jpg\" alt=\"\" width=\"1038\" height=\"532\" srcset=\"https:\/\/afan.fr\/blog\/wp-content\/uploads\/2018\/08\/RR437036.jpg 1038w, https:\/\/afan.fr\/blog\/wp-content\/uploads\/2018\/08\/RR437036-300x154.jpg 300w, https:\/\/afan.fr\/blog\/wp-content\/uploads\/2018\/08\/RR437036-768x394.jpg 768w, https:\/\/afan.fr\/blog\/wp-content\/uploads\/2018\/08\/RR437036-1024x525.jpg 1024w\" sizes=\"auto, (max-width: 1038px) 100vw, 1038px\" \/><\/span><\/p>\n<p><span style=\"color: #000080;\">RR437059 : 437059 FRET patin\u00e9e<\/span><\/p>\n<p><em><span style=\"color: #000080;\"><img loading=\"lazy\" decoding=\"async\" class=\"aligncenter wp-image-1498 size-full\" src=\"http:\/\/afan.fr\/blog\/wp-content\/uploads\/2018\/08\/RR437059.jpg\" alt=\"\" width=\"1078\" height=\"506\" srcset=\"https:\/\/afan.fr\/blog\/wp-content\/uploads\/2018\/08\/RR437059.jpg 1078w, https:\/\/afan.fr\/blog\/wp-content\/uploads\/2018\/08\/RR437059-300x141.jpg 300w, https:\/\/afan.fr\/blog\/wp-content\/uploads\/2018\/08\/RR437059-768x360.jpg 768w, https:\/\/afan.fr\/blog\/wp-content\/uploads\/2018\/08\/RR437059-1024x481.jpg 1024w\" sizes=\"auto, (max-width: 1078px) 100vw, 1078px\" \/><\/span><\/em><\/p>\n<p><em><span style=\"color: #000080;\">Tous documents Rocky-Rail<\/span><\/em><\/p>\n","protected":false},"excerpt":{"rendered":"<p>Il y a 5 ans, Rocky-Rail a lanc\u00e9 les locomotives Alstom Prima \u00e0 l\u2019\u00e9chelle N. Pour c\u00e9l\u00e9brer ceci, sortiront au mois de Septembre en quantit\u00e9 limit\u00e9e, 5 \u00e9ditions sp\u00e9ciales des BB 37000. RR037027 : 37027 AKIEM &#8220;EXPO&#8221; RRBB37037 : BB37037 ETF RRE37537 : E37527 CB RAIL RR437036 : 437036 FRET patin\u00e9e RR437059 : 437059 FRET [&hellip;]<\/p>\n","protected":false},"author":1,"featured_media":0,"comment_status":"open","ping_status":"closed","sticky":false,"template":"","format":"standard","meta":{"_s2mail":"yes","footnotes":""},"categories":[1],"tags":[],"class_list":["post-1493","post","type-post","status-publish","format-standard","hentry","category-non-classe"],"_links":{"self":[{"href":"https:\/\/afan.fr\/blog\/index.php\/wp-json\/wp\/v2\/posts\/1493","targetHints":{"allow":["GET"]}}],"collection":[{"href":"https:\/\/afan.fr\/blog\/index.php\/wp-json\/wp\/v2\/posts"}],"about":[{"href":"https:\/\/afan.fr\/blog\/index.php\/wp-json\/wp\/v2\/types\/post"}],"author":[{"embeddable":true,"href":"https:\/\/afan.fr\/blog\/index.php\/wp-json\/wp\/v2\/users\/1"}],"replies":[{"embeddable":true,"href":"https:\/\/afan.fr\/blog\/index.php\/wp-json\/wp\/v2\/comments?post=1493"}],"version-history":[{"count":1,"href":"https:\/\/afan.fr\/blog\/index.php\/wp-json\/wp\/v2\/posts\/1493\/revisions"}],"predecessor-version":[{"id":1499,"href":"https:\/\/afan.fr\/blog\/index.php\/wp-json\/wp\/v2\/posts\/1493\/revisions\/1499"}],"wp:attachment":[{"href":"https:\/\/afan.fr\/blog\/index.php\/wp-json\/wp\/v2\/media?parent=1493"}],"wp:term":[{"taxonomy":"category","embeddable":true,"href":"https:\/\/afan.fr\/blog\/index.php\/wp-json\/wp\/v2\/categories?post=1493"},{"taxonomy":"post_tag","embeddable":true,"href":"https:\/\/afan.fr\/blog\/index.php\/wp-json\/wp\/v2\/tags?post=1493"}],"curies":[{"name":"wp","href":"https:\/\/api.w.org\/{rel}","templated":true}]}}