{"id":1474,"date":"2018-07-07T13:10:19","date_gmt":"2018-07-07T12:10:19","guid":{"rendered":"http:\/\/afan.fr\/blog\/?p=1474"},"modified":"2018-07-07T13:10:19","modified_gmt":"2018-07-07T12:10:19","slug":"fleischmann-tombereau","status":"publish","type":"post","link":"https:\/\/afan.fr\/blog\/index.php\/2018\/07\/07\/fleischmann-tombereau\/","title":{"rendered":"Fleischmann &#8211; Tombereau"},"content":{"rendered":"<p><span style=\"color: #000080;\">Comme annonc\u00e9 lors du salon de Nuremberg 2018, Fleischmann vient de commercialiser le tombereau UIC \u00e0 2 essieux, class\u00e9 dans la cat\u00e9gorie &#8220;Start&#8221; \u00e0 co\u00fbt r\u00e9duit. R\u00e9f\u00e9rence 820528k.<\/span><\/p>\n<p><img loading=\"lazy\" decoding=\"async\" class=\"aligncenter wp-image-1475 size-full\" src=\"http:\/\/afan.fr\/blog\/wp-content\/uploads\/2018\/07\/2018-07_tomb_fleischmann.jpg\" alt=\"\" width=\"900\" height=\"349\" srcset=\"https:\/\/afan.fr\/blog\/wp-content\/uploads\/2018\/07\/2018-07_tomb_fleischmann.jpg 900w, https:\/\/afan.fr\/blog\/wp-content\/uploads\/2018\/07\/2018-07_tomb_fleischmann-300x116.jpg 300w, https:\/\/afan.fr\/blog\/wp-content\/uploads\/2018\/07\/2018-07_tomb_fleischmann-768x298.jpg 768w\" sizes=\"auto, (max-width: 900px) 100vw, 900px\" \/><\/p>\n","protected":false},"excerpt":{"rendered":"<p>Comme annonc\u00e9 lors du salon de Nuremberg 2018, Fleischmann vient de commercialiser le tombereau UIC \u00e0 2 essieux, class\u00e9 dans la cat\u00e9gorie &#8220;Start&#8221; \u00e0 co\u00fbt r\u00e9duit. R\u00e9f\u00e9rence 820528k.<\/p>\n","protected":false},"author":1,"featured_media":0,"comment_status":"open","ping_status":"closed","sticky":false,"template":"","format":"standard","meta":{"_s2mail":"yes","footnotes":""},"categories":[1],"tags":[],"class_list":["post-1474","post","type-post","status-publish","format-standard","hentry","category-non-classe"],"_links":{"self":[{"href":"https:\/\/afan.fr\/blog\/index.php\/wp-json\/wp\/v2\/posts\/1474","targetHints":{"allow":["GET"]}}],"collection":[{"href":"https:\/\/afan.fr\/blog\/index.php\/wp-json\/wp\/v2\/posts"}],"about":[{"href":"https:\/\/afan.fr\/blog\/index.php\/wp-json\/wp\/v2\/types\/post"}],"author":[{"embeddable":true,"href":"https:\/\/afan.fr\/blog\/index.php\/wp-json\/wp\/v2\/users\/1"}],"replies":[{"embeddable":true,"href":"https:\/\/afan.fr\/blog\/index.php\/wp-json\/wp\/v2\/comments?post=1474"}],"version-history":[{"count":1,"href":"https:\/\/afan.fr\/blog\/index.php\/wp-json\/wp\/v2\/posts\/1474\/revisions"}],"predecessor-version":[{"id":1476,"href":"https:\/\/afan.fr\/blog\/index.php\/wp-json\/wp\/v2\/posts\/1474\/revisions\/1476"}],"wp:attachment":[{"href":"https:\/\/afan.fr\/blog\/index.php\/wp-json\/wp\/v2\/media?parent=1474"}],"wp:term":[{"taxonomy":"category","embeddable":true,"href":"https:\/\/afan.fr\/blog\/index.php\/wp-json\/wp\/v2\/categories?post=1474"},{"taxonomy":"post_tag","embeddable":true,"href":"https:\/\/afan.fr\/blog\/index.php\/wp-json\/wp\/v2\/tags?post=1474"}],"curies":[{"name":"wp","href":"https:\/\/api.w.org\/{rel}","templated":true}]}}