{"id":1361,"date":"2018-04-27T10:34:40","date_gmt":"2018-04-27T09:34:40","guid":{"rendered":"http:\/\/afan.fr\/blog\/?p=1361"},"modified":"2018-04-27T10:34:40","modified_gmt":"2018-04-27T09:34:40","slug":"architecturepassion-un-nouvel-immeuble-2","status":"publish","type":"post","link":"https:\/\/afan.fr\/blog\/index.php\/2018\/04\/27\/architecturepassion-un-nouvel-immeuble-2\/","title":{"rendered":"Architecture&#038;Passion &#8211; Un nouvel immeuble"},"content":{"rendered":"<p><span style=\"color: #000080;\">Voici un nouvel immeuble en kit pour fond de d\u00e9cor ; R\u00e9f. 160FDD107. Propos\u00e9 par Architecture &amp; Passion, il est comme les pr\u00e9c\u00e9dents en &#8220;EASYDECO&#8221;.<\/span><\/p>\n<p><img loading=\"lazy\" decoding=\"async\" class=\"aligncenter wp-image-1362 size-full\" src=\"http:\/\/afan.fr\/blog\/wp-content\/uploads\/2018\/04\/2018-04_batiment_ap.jpg\" alt=\"\" width=\"658\" height=\"800\" srcset=\"https:\/\/afan.fr\/blog\/wp-content\/uploads\/2018\/04\/2018-04_batiment_ap.jpg 658w, https:\/\/afan.fr\/blog\/wp-content\/uploads\/2018\/04\/2018-04_batiment_ap-247x300.jpg 247w\" sizes=\"auto, (max-width: 658px) 100vw, 658px\" \/><\/p>\n","protected":false},"excerpt":{"rendered":"<p>Voici un nouvel immeuble en kit pour fond de d\u00e9cor ; R\u00e9f. 160FDD107. Propos\u00e9 par Architecture &amp; Passion, il est comme les pr\u00e9c\u00e9dents en &#8220;EASYDECO&#8221;.<\/p>\n","protected":false},"author":1,"featured_media":0,"comment_status":"open","ping_status":"closed","sticky":false,"template":"","format":"standard","meta":{"_s2mail":"yes","footnotes":""},"categories":[1],"tags":[],"class_list":["post-1361","post","type-post","status-publish","format-standard","hentry","category-non-classe"],"_links":{"self":[{"href":"https:\/\/afan.fr\/blog\/index.php\/wp-json\/wp\/v2\/posts\/1361","targetHints":{"allow":["GET"]}}],"collection":[{"href":"https:\/\/afan.fr\/blog\/index.php\/wp-json\/wp\/v2\/posts"}],"about":[{"href":"https:\/\/afan.fr\/blog\/index.php\/wp-json\/wp\/v2\/types\/post"}],"author":[{"embeddable":true,"href":"https:\/\/afan.fr\/blog\/index.php\/wp-json\/wp\/v2\/users\/1"}],"replies":[{"embeddable":true,"href":"https:\/\/afan.fr\/blog\/index.php\/wp-json\/wp\/v2\/comments?post=1361"}],"version-history":[{"count":1,"href":"https:\/\/afan.fr\/blog\/index.php\/wp-json\/wp\/v2\/posts\/1361\/revisions"}],"predecessor-version":[{"id":1363,"href":"https:\/\/afan.fr\/blog\/index.php\/wp-json\/wp\/v2\/posts\/1361\/revisions\/1363"}],"wp:attachment":[{"href":"https:\/\/afan.fr\/blog\/index.php\/wp-json\/wp\/v2\/media?parent=1361"}],"wp:term":[{"taxonomy":"category","embeddable":true,"href":"https:\/\/afan.fr\/blog\/index.php\/wp-json\/wp\/v2\/categories?post=1361"},{"taxonomy":"post_tag","embeddable":true,"href":"https:\/\/afan.fr\/blog\/index.php\/wp-json\/wp\/v2\/tags?post=1361"}],"curies":[{"name":"wp","href":"https:\/\/api.w.org\/{rel}","templated":true}]}}