{"id":1079,"date":"2017-11-26T09:10:50","date_gmt":"2017-11-26T08:10:50","guid":{"rendered":"http:\/\/afan.fr\/blog\/?p=1079"},"modified":"2017-11-26T09:10:50","modified_gmt":"2017-11-26T08:10:50","slug":"mf-train-transport-de-voitures","status":"publish","type":"post","link":"https:\/\/afan.fr\/blog\/index.php\/2017\/11\/26\/mf-train-transport-de-voitures\/","title":{"rendered":"MF Train &#8211; Transport de voitures"},"content":{"rendered":"<p><span style=\"color: #000080;\">Apr\u00e8s la sortie de versions &#8220;normales&#8221;, MF Train propose cette fois des wagons de transporte de v\u00e9hicules automobiles \u00e9quip\u00e9s de protections grillag\u00e9es :<\/span><br \/>\n<span style=\"color: #000080;\">R\u00e9f.\u00a033223 &#8211; Hispanauto<\/span><\/p>\n<p><img loading=\"lazy\" decoding=\"async\" class=\"aligncenter wp-image-1080 size-full\" src=\"http:\/\/afan.fr\/blog\/wp-content\/uploads\/2017\/11\/2017-11_hispanauto_mftrain.jpg\" alt=\"\" width=\"1100\" height=\"215\" srcset=\"https:\/\/afan.fr\/blog\/wp-content\/uploads\/2017\/11\/2017-11_hispanauto_mftrain.jpg 1100w, https:\/\/afan.fr\/blog\/wp-content\/uploads\/2017\/11\/2017-11_hispanauto_mftrain-300x59.jpg 300w, https:\/\/afan.fr\/blog\/wp-content\/uploads\/2017\/11\/2017-11_hispanauto_mftrain-768x150.jpg 768w, https:\/\/afan.fr\/blog\/wp-content\/uploads\/2017\/11\/2017-11_hispanauto_mftrain-1024x200.jpg 1024w\" sizes=\"auto, (max-width: 1100px) 100vw, 1100px\" \/><\/p>\n<p><span style=\"color: #000080;\">R\u00e9f. 33224 &#8211; Transfesa-Hispanauto<\/span><\/p>\n<p><img loading=\"lazy\" decoding=\"async\" class=\"aligncenter wp-image-1081 size-full\" src=\"http:\/\/afan.fr\/blog\/wp-content\/uploads\/2017\/11\/2017-11_transfesa_mftrain.jpg\" alt=\"\" width=\"1100\" height=\"215\" srcset=\"https:\/\/afan.fr\/blog\/wp-content\/uploads\/2017\/11\/2017-11_transfesa_mftrain.jpg 1100w, https:\/\/afan.fr\/blog\/wp-content\/uploads\/2017\/11\/2017-11_transfesa_mftrain-300x59.jpg 300w, https:\/\/afan.fr\/blog\/wp-content\/uploads\/2017\/11\/2017-11_transfesa_mftrain-768x150.jpg 768w, https:\/\/afan.fr\/blog\/wp-content\/uploads\/2017\/11\/2017-11_transfesa_mftrain-1024x200.jpg 1024w\" sizes=\"auto, (max-width: 1100px) 100vw, 1100px\" \/><br \/>\n<span style=\"color: #000080;\">Tous deux sont immatricul\u00e9s \u00e0 la SNCF.<\/span><\/p>\n","protected":false},"excerpt":{"rendered":"<p>Apr\u00e8s la sortie de versions &#8220;normales&#8221;, MF Train propose cette fois des wagons de transporte de v\u00e9hicules automobiles \u00e9quip\u00e9s de protections grillag\u00e9es : R\u00e9f.\u00a033223 &#8211; Hispanauto R\u00e9f. 33224 &#8211; Transfesa-Hispanauto Tous deux sont immatricul\u00e9s \u00e0 la SNCF.<\/p>\n","protected":false},"author":1,"featured_media":0,"comment_status":"open","ping_status":"closed","sticky":false,"template":"","format":"standard","meta":{"_s2mail":"","footnotes":""},"categories":[1],"tags":[],"class_list":["post-1079","post","type-post","status-publish","format-standard","hentry","category-non-classe"],"_links":{"self":[{"href":"https:\/\/afan.fr\/blog\/index.php\/wp-json\/wp\/v2\/posts\/1079","targetHints":{"allow":["GET"]}}],"collection":[{"href":"https:\/\/afan.fr\/blog\/index.php\/wp-json\/wp\/v2\/posts"}],"about":[{"href":"https:\/\/afan.fr\/blog\/index.php\/wp-json\/wp\/v2\/types\/post"}],"author":[{"embeddable":true,"href":"https:\/\/afan.fr\/blog\/index.php\/wp-json\/wp\/v2\/users\/1"}],"replies":[{"embeddable":true,"href":"https:\/\/afan.fr\/blog\/index.php\/wp-json\/wp\/v2\/comments?post=1079"}],"version-history":[{"count":1,"href":"https:\/\/afan.fr\/blog\/index.php\/wp-json\/wp\/v2\/posts\/1079\/revisions"}],"predecessor-version":[{"id":1082,"href":"https:\/\/afan.fr\/blog\/index.php\/wp-json\/wp\/v2\/posts\/1079\/revisions\/1082"}],"wp:attachment":[{"href":"https:\/\/afan.fr\/blog\/index.php\/wp-json\/wp\/v2\/media?parent=1079"}],"wp:term":[{"taxonomy":"category","embeddable":true,"href":"https:\/\/afan.fr\/blog\/index.php\/wp-json\/wp\/v2\/categories?post=1079"},{"taxonomy":"post_tag","embeddable":true,"href":"https:\/\/afan.fr\/blog\/index.php\/wp-json\/wp\/v2\/tags?post=1079"}],"curies":[{"name":"wp","href":"https:\/\/api.w.org\/{rel}","templated":true}]}}