{"id":1044,"date":"2017-11-05T09:50:53","date_gmt":"2017-11-05T08:50:53","guid":{"rendered":"http:\/\/afan.fr\/blog\/?p=1044"},"modified":"2017-11-05T09:50:53","modified_gmt":"2017-11-05T08:50:53","slug":"minitrix-rame-grand-confort-suite","status":"publish","type":"post","link":"https:\/\/afan.fr\/blog\/index.php\/2017\/11\/05\/minitrix-rame-grand-confort-suite\/","title":{"rendered":"Minitrix &#8211; Rame Grand Confort suite"},"content":{"rendered":"<p><span style=\"color: #000080;\">Le deuxi\u00e8me et dernier coffret de la rame du &#8220;Capitole&#8221; de Minitrix est disponible. Il comporte la voiture restaurant et la mixte fourgon g\u00e9n\u00e9rateur. R\u00e9f. 15692.<\/span><\/p>\n<p><img loading=\"lazy\" decoding=\"async\" class=\"aligncenter wp-image-1045 size-full\" src=\"http:\/\/afan.fr\/blog\/wp-content\/uploads\/2017\/11\/2017-11_gc15692_trix.jpg\" alt=\"\" width=\"1200\" height=\"551\" srcset=\"https:\/\/afan.fr\/blog\/wp-content\/uploads\/2017\/11\/2017-11_gc15692_trix.jpg 1200w, https:\/\/afan.fr\/blog\/wp-content\/uploads\/2017\/11\/2017-11_gc15692_trix-300x138.jpg 300w, https:\/\/afan.fr\/blog\/wp-content\/uploads\/2017\/11\/2017-11_gc15692_trix-768x353.jpg 768w, https:\/\/afan.fr\/blog\/wp-content\/uploads\/2017\/11\/2017-11_gc15692_trix-1024x470.jpg 1024w\" sizes=\"auto, (max-width: 1200px) 100vw, 1200px\" \/><\/p>\n","protected":false},"excerpt":{"rendered":"<p>Le deuxi\u00e8me et dernier coffret de la rame du &#8220;Capitole&#8221; de Minitrix est disponible. Il comporte la voiture restaurant et la mixte fourgon g\u00e9n\u00e9rateur. R\u00e9f. 15692.<\/p>\n","protected":false},"author":1,"featured_media":0,"comment_status":"open","ping_status":"closed","sticky":false,"template":"","format":"standard","meta":{"_s2mail":"","footnotes":""},"categories":[1],"tags":[],"class_list":["post-1044","post","type-post","status-publish","format-standard","hentry","category-non-classe"],"_links":{"self":[{"href":"https:\/\/afan.fr\/blog\/index.php\/wp-json\/wp\/v2\/posts\/1044","targetHints":{"allow":["GET"]}}],"collection":[{"href":"https:\/\/afan.fr\/blog\/index.php\/wp-json\/wp\/v2\/posts"}],"about":[{"href":"https:\/\/afan.fr\/blog\/index.php\/wp-json\/wp\/v2\/types\/post"}],"author":[{"embeddable":true,"href":"https:\/\/afan.fr\/blog\/index.php\/wp-json\/wp\/v2\/users\/1"}],"replies":[{"embeddable":true,"href":"https:\/\/afan.fr\/blog\/index.php\/wp-json\/wp\/v2\/comments?post=1044"}],"version-history":[{"count":1,"href":"https:\/\/afan.fr\/blog\/index.php\/wp-json\/wp\/v2\/posts\/1044\/revisions"}],"predecessor-version":[{"id":1046,"href":"https:\/\/afan.fr\/blog\/index.php\/wp-json\/wp\/v2\/posts\/1044\/revisions\/1046"}],"wp:attachment":[{"href":"https:\/\/afan.fr\/blog\/index.php\/wp-json\/wp\/v2\/media?parent=1044"}],"wp:term":[{"taxonomy":"category","embeddable":true,"href":"https:\/\/afan.fr\/blog\/index.php\/wp-json\/wp\/v2\/categories?post=1044"},{"taxonomy":"post_tag","embeddable":true,"href":"https:\/\/afan.fr\/blog\/index.php\/wp-json\/wp\/v2\/tags?post=1044"}],"curies":[{"name":"wp","href":"https:\/\/api.w.org\/{rel}","templated":true}]}}